{"id":9475,"date":"2025-01-29T09:10:43","date_gmt":"2025-01-29T12:10:43","guid":{"rendered":"https:\/\/grandepremio.com\/es\/2025\/01\/29\/johnny-herbert-salida-conflicto-de-intereses-comisario-fia-f1-2025\/"},"modified":"2025-01-29T09:10:47","modified_gmt":"2025-01-29T12:10:47","slug":"johnny-herbert-salida-conflicto-de-intereses-comisario-fia-f1-2025","status":"publish","type":"post","link":"https:\/\/grandepremio.com\/es\/f1\/johnny-herbert-salida-conflicto-de-intereses-comisario-fia-f1-2025\/","title":{"rendered":"FIA cita conflicto de intereses y anuncia la salida de Herbert como comisario"},"content":{"rendered":"\n<p class=\"wp-block-paragraph\">El papel de <strong>Johnny Herbert<\/strong> como comisario de la <strong>FIA (Federaci\u00f3n Internacional de Automovilismo)<\/strong> para las carreras de <strong>F\u00f3rmula 1<\/strong> ha llegado a su fin. Despu\u00e9s de d\u00e9cada y media de trabajo, el organismo responsable de sancionar el campeonato lleg\u00f3 a la conclusi\u00f3n de que las funciones de comisario de carrera y comentarista de los medios de comunicaci\u00f3n representaban un conflicto de intereses irreconciliable.<\/p>\n\n\n\n<p class=\"wp-block-paragraph\">\ud83d\udfe5&nbsp;<em><strong>\u00a1Todas las novedades te esperan en el canal de&nbsp;<\/strong><\/em><a href=\"https:\/\/www.youtube.com\/@GrandePremioES\"><em>YouTube<\/em><\/a><em><strong>&nbsp;de Grande Pr\u00eamio en Espa\u00f1ol!<\/strong><\/em>&nbsp;\ud83d\udfe8<\/p>\n\n\n\n<p class=\"wp-block-paragraph\"><strong>Herbert<\/strong>, que fue piloto de <strong>F1<\/strong> entre 1989 y 2000 y gan\u00f3 tres carreras, estuvo siempre presente en la oficina de la <strong>FIA <\/strong>durante este periodo, pero nunca dej\u00f3 de trabajar en los medios de comunicaci\u00f3n. Incluso como analista para Sky Sports, que tiene los derechos de retransmisi\u00f3n en el <strong>Reino Unido.<\/strong> Actualmente, es comentarista de la categor\u00eda para un sitio web de casas de apuestas.<\/p>\n\n\n\n<p class=\"wp-block-paragraph\">\u00abLamentamos anunciar hoy que <strong>Johnny Herbert<\/strong> dejar\u00e1 de ocupar el cargo de Comisario de F1 de la FIA\u00bb, comenzaba el comunicado.<\/p>\n\n\n\n<p class=\"wp-block-paragraph\">\u00abJohnny es muy respetado y aportaba una experiencia y unos conocimientos extremadamente valiosos al cargo. Sin embargo, despu\u00e9s de discutirlo, ambas partes han acordado que las funciones de comisario de la <strong>FIA <\/strong>y analista de medios de comunicaci\u00f3n son incompatibles\u00bb, continuaba.<\/p>\n\n\n\n<p class=\"wp-block-paragraph\">\u00abLe damos las gracias por sus servicios y le deseamos lo mejor en su futuro\u00bb, concluy\u00f3.<\/p>\n\n\n\n<p class=\"wp-block-paragraph\">\u23e9\u00a0<em><strong>\u00a1Seguinos en redes por\u00a0<\/strong><\/em><a href=\"https:\/\/twitter.com\/grandepremioES\"><em>Twitter\u00a0<\/em><\/a><em><strong>e\u00a0<\/strong><\/em><a href=\"https:\/\/www.instagram.com\/grandepremioes\/\"><em>Instagram!<\/em><\/a><br>\u23e9\u00a0<em><strong>Adem\u00e1s, tenemos nuestro\u00a0<\/strong><\/em><a href=\"https:\/\/whatsapp.com\/channel\/0029VaDZ5zb0gcfDxuwxBM05\"><em>canal de Whatsapp<\/em><\/a><em><strong>\u00a0con toda la informaci\u00f3n al instante<\/strong><\/em>\u00a0\ud83c\udfc1<\/p>\n\n\n\n<figure class=\"wp-block-image size-large\"><img decoding=\"async\" src=\"https:\/\/grandepremio.com\/es\/wp-content\/uploads\/2025\/01\/GettyImages-1239846-1024x576.jpg\" alt=\"\" class=\"wp-image-312623\"\/><figcaption class=\"wp-element-caption\">Johnny Herbert logr\u00f3 tres victorias en F1, una de ellas con Stewart Grand Prix en 1999 (Foto: Reproducci\u00f3n)<\/figcaption><\/figure>\n\n\n\n<p class=\"wp-block-paragraph\">El a\u00f1o pasado, <strong>Herbert <\/strong>se meti\u00f3 en problemas p\u00fablicos con <strong>Max Verstappen<\/strong> despu\u00e9s de criticar la \u00e9tica de conducci\u00f3n del tetracampe\u00f3n tras el <strong>GP de Ciudad de M\u00e9xico<\/strong>, poco despu\u00e9s de que Max sufriera dos penalizaciones de 10s por incidentes con <strong>Lando Norris<\/strong>. Poco despu\u00e9s, <strong>Jos Verstappen<\/strong>, padre de Max y contempor\u00e1neo de <strong>Herbert <\/strong>en la F1, pidi\u00f3 a la <strong>FIA <\/strong>que revisara a los comisarios y cit\u00f3 conflicto de intereses y \u00absimpat\u00eda por pilotos o equipos por parte de expilotos [que se convierten en comisarios]\u00bb.<\/p>\n\n\n\n<p class=\"wp-block-paragraph\">No era la primera vez que <strong>Herbert <\/strong>se encontraba en una situaci\u00f3n as\u00ed. En 2016, despu\u00e9s de que el ex piloto criticara a <strong>Fernando Alonso<\/strong> y dijera que estaba mal de la cabeza y que deber\u00eda pensar en retirarse, Alonso se dio por satisfecho en directo en una entrevista con Sky Sports.<\/p>\n\n\n\n<p class=\"wp-block-paragraph\">La&nbsp;<strong><a href=\"https:\/\/es.grandepremio.com\/f1\/\" target=\"_blank\" rel=\"noreferrer noopener\"><\/a><a href=\"https:\/\/es.grandepremio.com\/f1\/\" target=\"_blank\" rel=\"noreferrer noopener\"><\/a><a href=\"https:\/\/es.grandepremio.com\/f1\/\" target=\"_blank\" rel=\"noreferrer noopener\"><\/a><a href=\"https:\/\/es.grandepremio.com\/f1\/\" target=\"_blank\" rel=\"noreferrer noopener\"><\/a><a href=\"https:\/\/es.grandepremio.com\/f1\/\" target=\"_blank\" rel=\"noreferrer noopener\"><\/a><a href=\"https:\/\/es.grandepremio.com\/f1\/\" target=\"_blank\" rel=\"noreferrer noopener\"><\/a><a href=\"https:\/\/es.grandepremio.com\/f1\/\" target=\"_blank\" rel=\"noreferrer noopener\"><\/a><a href=\"https:\/\/es.grandepremio.com\/f1\/\" target=\"_blank\" rel=\"noreferrer noopener\"><\/a><a href=\"https:\/\/es.grandepremio.com\/f1\/\" target=\"_blank\" rel=\"noreferrer noopener\"><\/a><a href=\"https:\/\/es.grandepremio.com\/f1\/\" target=\"_blank\" rel=\"noreferrer noopener\"><\/a><a href=\"https:\/\/es.grandepremio.com\/f1\/\" target=\"_blank\" rel=\"noreferrer noopener\"><\/a><a href=\"https:\/\/es.grandepremio.com\/f1\/\" target=\"_blank\" rel=\"noreferrer noopener\"><\/a><a href=\"https:\/\/es.grandepremio.com\/f1\/\" target=\"_blank\" rel=\"noreferrer noopener\"><\/a><a href=\"https:\/\/es.grandepremio.com\/f1\/\" target=\"_blank\" rel=\"noreferrer noopener\"><\/a><a href=\"https:\/\/es.grandepremio.com\/f1\/\" target=\"_blank\" rel=\"noreferrer noopener\"><\/a><a href=\"https:\/\/es.grandepremio.com\/f1\/\" target=\"_blank\" rel=\"noreferrer noopener\"><\/a><a href=\"https:\/\/es.grandepremio.com\/f1\/\" target=\"_blank\" rel=\"noreferrer noopener\"><\/a><a href=\"https:\/\/es.grandepremio.com\/f1\/\" target=\"_blank\" rel=\"noreferrer noopener\"><\/a><a href=\"https:\/\/es.grandepremio.com\/f1\/\" target=\"_blank\" rel=\"noreferrer noopener\"><\/a><a href=\"https:\/\/es.grandepremio.com\/f1\/\" target=\"_blank\" rel=\"noreferrer noopener\"><\/a><a href=\"https:\/\/es.grandepremio.com\/f1\/\" target=\"_blank\" rel=\"noreferrer noopener\"><\/a><a href=\"https:\/\/es.grandepremio.com\/f1\/\" target=\"_blank\" rel=\"noreferrer noopener\"><\/a><a href=\"https:\/\/es.grandepremio.com\/f1\/\" target=\"_blank\" rel=\"noreferrer noopener\"><\/a><a href=\"https:\/\/es.grandepremio.com\/f1\/\" target=\"_blank\" rel=\"noreferrer noopener\"><\/a><a href=\"https:\/\/es.grandepremio.com\/f1\/\" target=\"_blank\" rel=\"noreferrer noopener\"><\/a><a href=\"https:\/\/es.grandepremio.com\/f1\/\" target=\"_blank\" rel=\"noreferrer noopener\"><\/a><a href=\"https:\/\/es.grandepremio.com\/f1\/\" target=\"_blank\" rel=\"noreferrer noopener\"><\/a><a href=\"https:\/\/es.grandepremio.com\/f1\/\" target=\"_blank\" rel=\"noreferrer noopener\"><\/a><a href=\"https:\/\/es.grandepremio.com\/f1\/\" target=\"_blank\" rel=\"noreferrer noopener\"><\/a><a href=\"https:\/\/es.grandepremio.com\/f1\/\" target=\"_blank\" rel=\"noreferrer noopener\">F\u00f3rmula 1<\/a><\/strong>&nbsp;se encuentra de vacaciones y volver\u00e1 para las pruebas de pretemporada, previstas en&nbsp;<strong>Bahr\u00e9in&nbsp;<\/strong>entre el 26 y el 28 de febrero. La temporada 2025 comienza con el&nbsp;<strong>Gran Premio de Australia<\/strong>, del 14 al 16 de marzo.<\/p>\n\n\n\n<figure class=\"wp-block-embed is-type-video is-provider-youtube wp-block-embed-youtube wp-embed-aspect-16-9 wp-has-aspect-ratio\"><div class=\"wp-block-embed__wrapper\">\n<iframe loading=\"lazy\" title=\"HAMILTON LLEGA A FERRARI Y DESPIERTA UNA NUEVA ILUSI\u00d3N\" width=\"500\" height=\"281\" src=\"https:\/\/www.youtube.com\/embed\/9SayPj6cciY?feature=oembed\" frameborder=\"0\" allow=\"accelerometer; autoplay; clipboard-write; encrypted-media; gyroscope; picture-in-picture; web-share\" referrerpolicy=\"strict-origin-when-cross-origin\" allowfullscreen><\/iframe>\n<\/div><\/figure>\n","protected":false},"excerpt":{"rendered":"<p>Johnny Herbert dejar\u00e1 de ser comisario de la FIA en las carreras de F1 a partir de 2025. La decisi\u00f3n fue hecha oficial por la federaci\u00f3n, que tuvo en cuenta su conflicto de intereses con el cargo de analista de medios para diferentes plataformas.<\/p>\n","protected":false},"author":0,"featured_media":1010312624,"comment_status":"closed","ping_status":"closed","sticky":false,"template":"","format":"standard","meta":{"42wp_featured_image_caption":"","42wp_featured_image_credits":"","42wp_featured_video":"","42wp_featured_image_hidden":false,"42wp_authors_list":[],"footnotes":""},"categories":[5],"tags":[181,1710,263,179,8059,1488,3268,9647],"42wp_author":[14239],"class_list":["post-9475","post","type-post","status-publish","format-standard","has-post-thumbnail","hentry","category-f1","tag-f1","tag-f1-2025","tag-fia","tag-formula-1","tag-formula-1-2025","tag-grande-premio","tag-johnny-herbert","tag-temporada-2025-f1","42wp_author-jp-otrosky"],"_links":{"self":[{"href":"https:\/\/grandepremio.com\/es\/wp-json\/wp\/v2\/posts\/9475","targetHints":{"allow":["GET"]}}],"collection":[{"href":"https:\/\/grandepremio.com\/es\/wp-json\/wp\/v2\/posts"}],"about":[{"href":"https:\/\/grandepremio.com\/es\/wp-json\/wp\/v2\/types\/post"}],"replies":[{"embeddable":true,"href":"https:\/\/grandepremio.com\/es\/wp-json\/wp\/v2\/comments?post=9475"}],"version-history":[{"count":0,"href":"https:\/\/grandepremio.com\/es\/wp-json\/wp\/v2\/posts\/9475\/revisions"}],"wp:featuredmedia":[{"embeddable":true,"href":"https:\/\/grandepremio.com\/es\/wp-json\/wp\/v2\/media\/1010312624"}],"wp:attachment":[{"href":"https:\/\/grandepremio.com\/es\/wp-json\/wp\/v2\/media?parent=9475"}],"wp:term":[{"taxonomy":"category","embeddable":true,"href":"https:\/\/grandepremio.com\/es\/wp-json\/wp\/v2\/categories?post=9475"},{"taxonomy":"post_tag","embeddable":true,"href":"https:\/\/grandepremio.com\/es\/wp-json\/wp\/v2\/tags?post=9475"},{"taxonomy":"42wp_author","embeddable":true,"href":"https:\/\/grandepremio.com\/es\/wp-json\/wp\/v2\/42wp_author?post=9475"}],"curies":[{"name":"wp","href":"https:\/\/api.w.org\/{rel}","templated":true}]}}