{"id":9541,"date":"2025-01-24T13:24:44","date_gmt":"2025-01-24T16:24:44","guid":{"rendered":"https:\/\/grandepremio.com\/es\/2025\/01\/24\/alpine-jefe-de-equipo-oliver-oakes-jack-doohan-oportunidad-f1-2025\/"},"modified":"2025-01-24T13:24:47","modified_gmt":"2025-01-24T16:24:47","slug":"alpine-jefe-de-equipo-oliver-oakes-jack-doohan-oportunidad-f1-2025","status":"publish","type":"post","link":"https:\/\/grandepremio.com\/es\/f1\/alpine-jefe-de-equipo-oliver-oakes-jack-doohan-oportunidad-f1-2025\/","title":{"rendered":"Alpine insiste en que Doohan tendr\u00e1 \u00abuna oportunidad justa\u00bb en F1 2025: \u00abSin presi\u00f3n\u00bb"},"content":{"rendered":"\n<p class=\"wp-block-paragraph\"><strong>Alpine <\/strong>reiter\u00f3 que no habr\u00e1 presi\u00f3n sobre <strong>Jack Doohan<\/strong> por los resultados en la temporada 2025 de <strong>F1<\/strong>, que marcar\u00e1 el debut del australiano en la categor\u00eda. El jefe de equipo, <strong>Oliver Oakes<\/strong>, culp\u00f3 a internet de la presi\u00f3n actual y asegur\u00f3 que se le dar\u00e1 \u00abuna oportunidad justa\u00bb.<\/p>\n\n\n\n<p class=\"wp-block-paragraph\">\ud83d\udfe5&nbsp;<em><strong>\u00a1Todas las novedades te esperan en el canal de&nbsp;<\/strong><\/em><a href=\"https:\/\/www.youtube.com\/@GrandePremioES\"><em>YouTube<\/em><\/a><em><strong>&nbsp;de Grande Pr\u00eamio en Espa\u00f1ol!<\/strong><\/em>&nbsp;\ud83d\udfe8<\/p>\n\n\n\n<p class=\"wp-block-paragraph\">Las dudas sobre el futuro de <strong>Doohan <\/strong>incluso antes del inicio del campeonato estallaron despu\u00e9s de que <strong>Alpine <\/strong>fichara a <strong>Franco Colapinto<\/strong> como piloto de pruebas y reserva. El argentino fue la sensaci\u00f3n de la segunda mitad de la temporada 2024 cuando sustituy\u00f3 a <strong>Logan Sargeant<\/strong> en <strong>Williams <\/strong>y puntu\u00f3 en dos carreras.<\/p>\n\n\n\n<p class=\"wp-block-paragraph\">Desde entonces, hubo una carrera contrarreloj para que <strong>Colapinto <\/strong>encontrara un lugar en la parrilla, por dif\u00edcil que fuera. Entre los titulares, no pudo ser, pero incluso con la alineaci\u00f3n ya cerrada, con <strong>Pierre Gasly<\/strong> y <strong>Doohan, Alpine<\/strong> contrat\u00f3 al sudamericano para ocupar un puesto en su plantilla de reserva.<\/p>\n\n\n\n<p class=\"wp-block-paragraph\">En declaraciones al podcast James Allen on F1, <strong>Oakes <\/strong>reiter\u00f3 que no hubo presi\u00f3n sobre <strong>Doohan<\/strong>. \u00abFue un poco duro para Jack, las cosas que escribieron los guerreros del teclado\u00bb, brome\u00f3 el l\u00edder de <strong>Alpine<\/strong>. \u00abEst\u00e1 teniendo una oportunidad justa\u00bb, enfatiz\u00f3.<\/p>\n\n\n\n<p class=\"wp-block-paragraph\">\u23e9\u00a0<em><strong>\u00a1Seguinos en redes por\u00a0<\/strong><\/em><a href=\"https:\/\/twitter.com\/grandepremioES\"><em>Twitter\u00a0<\/em><\/a><em><strong>e\u00a0<\/strong><\/em><a href=\"https:\/\/www.instagram.com\/grandepremioes\/\"><em>Instagram!<\/em><\/a><br>\u23e9\u00a0<em><strong>Adem\u00e1s, tenemos nuestro\u00a0<\/strong><\/em><a href=\"https:\/\/whatsapp.com\/channel\/0029VaDZ5zb0gcfDxuwxBM05\"><em>canal de Whatsapp<\/em><\/a><em><strong>\u00a0con toda la informaci\u00f3n al instante<\/strong><\/em>\u00a0\ud83c\udfc1<\/p>\n\n\n\n<figure class=\"wp-block-image size-large\"><img decoding=\"async\" src=\"https:\/\/grandepremio.com\/es\/wp-content\/uploads\/2025\/01\/GPF1-12-1024x576.jpg\" alt=\"\" class=\"wp-image-311978\"\/><figcaption class=\"wp-element-caption\">Oliver Oakes, jefe de equipo de Alpine (Foto: Alpine)<\/figcaption><\/figure>\n\n\n\n<p class=\"wp-block-paragraph\">\u00abY no creo que la intenci\u00f3n sea poner [presi\u00f3n] sobre sus hombros. Es realmente para dar opciones al equipo m\u00e1s adelante. Para m\u00ed, la <strong>F1 <\/strong>tiene m\u00e1rgenes muy estrechos. Hay mucha gente que depende de un piloto cada fin de semana, y tenemos que asegurarnos de tener lo mejor en el coche, no s\u00f3lo ahora, sino tambi\u00e9n en el futuro\u00bb, a\u00f1adi\u00f3.<\/p>\n\n\n\n<p class=\"wp-block-paragraph\"><strong>Oakes <\/strong>tambi\u00e9n habl\u00f3 de <strong>Colapinto <\/strong>y de c\u00f3mo \u00abempuj\u00f3 fuerte\u00bb en las nueve carreras que tuvo para demostrar que merec\u00eda seguir en el radar. \u00abPara nosotros, como equipo, es genial tener esta lista de j\u00f3venes pilotos\u00bb.<\/p>\n\n\n\n<p class=\"wp-block-paragraph\">\u00abPaul [<strong>Aron<\/strong>] y Franco est\u00e1n en la reserva, porque no se trata s\u00f3lo de 2025. Se acercan 2026, 2027, y es dif\u00edcil en la <strong>F1 <\/strong>planificar lo que va a pasar y qu\u00e9 pilotos tenemos que poner en el coche. Para nosotros, mantiene a todo el mundo honesto sobre el rendimiento y nos da opciones\u00bb, concluy\u00f3 Oakes.<\/p>\n\n\n\n<p class=\"wp-block-paragraph\">La&nbsp;<strong><a href=\"https:\/\/es.grandepremio.com\/f1\/\" target=\"_blank\" rel=\"noreferrer noopener\"><\/a><a href=\"https:\/\/es.grandepremio.com\/f1\/\" target=\"_blank\" rel=\"noreferrer noopener\"><\/a><a href=\"https:\/\/es.grandepremio.com\/f1\/\" target=\"_blank\" rel=\"noreferrer noopener\"><\/a><a href=\"https:\/\/es.grandepremio.com\/f1\/\" target=\"_blank\" rel=\"noreferrer noopener\"><\/a><a href=\"https:\/\/es.grandepremio.com\/f1\/\" target=\"_blank\" rel=\"noreferrer noopener\"><\/a><a href=\"https:\/\/es.grandepremio.com\/f1\/\" target=\"_blank\" rel=\"noreferrer noopener\"><\/a><a href=\"https:\/\/es.grandepremio.com\/f1\/\" target=\"_blank\" rel=\"noreferrer noopener\"><\/a><a href=\"https:\/\/es.grandepremio.com\/f1\/\" target=\"_blank\" rel=\"noreferrer noopener\"><\/a><a href=\"https:\/\/es.grandepremio.com\/f1\/\" target=\"_blank\" rel=\"noreferrer noopener\"><\/a><a href=\"https:\/\/es.grandepremio.com\/f1\/\" target=\"_blank\" rel=\"noreferrer noopener\"><\/a><a href=\"https:\/\/es.grandepremio.com\/f1\/\" target=\"_blank\" rel=\"noreferrer noopener\"><\/a><a href=\"https:\/\/es.grandepremio.com\/f1\/\" target=\"_blank\" rel=\"noreferrer noopener\"><\/a><a href=\"https:\/\/es.grandepremio.com\/f1\/\" target=\"_blank\" rel=\"noreferrer noopener\"><\/a><a href=\"https:\/\/es.grandepremio.com\/f1\/\" target=\"_blank\" rel=\"noreferrer noopener\"><\/a><a href=\"https:\/\/es.grandepremio.com\/f1\/\" target=\"_blank\" rel=\"noreferrer noopener\"><\/a><a href=\"https:\/\/es.grandepremio.com\/f1\/\" target=\"_blank\" rel=\"noreferrer noopener\"><\/a><a href=\"https:\/\/es.grandepremio.com\/f1\/\" target=\"_blank\" rel=\"noreferrer noopener\"><\/a><a href=\"https:\/\/es.grandepremio.com\/f1\/\" target=\"_blank\" rel=\"noreferrer noopener\"><\/a><a href=\"https:\/\/es.grandepremio.com\/f1\/\" target=\"_blank\" rel=\"noreferrer noopener\"><\/a><a href=\"https:\/\/es.grandepremio.com\/f1\/\" target=\"_blank\" rel=\"noreferrer noopener\"><\/a><a href=\"https:\/\/es.grandepremio.com\/f1\/\" target=\"_blank\" rel=\"noreferrer noopener\"><\/a><a href=\"https:\/\/es.grandepremio.com\/f1\/\" target=\"_blank\" rel=\"noreferrer noopener\"><\/a><a href=\"https:\/\/es.grandepremio.com\/f1\/\" target=\"_blank\" rel=\"noreferrer noopener\"><\/a><a href=\"https:\/\/es.grandepremio.com\/f1\/\" target=\"_blank\" rel=\"noreferrer noopener\"><\/a><a href=\"https:\/\/es.grandepremio.com\/f1\/\" target=\"_blank\" rel=\"noreferrer noopener\"><\/a><a href=\"https:\/\/es.grandepremio.com\/f1\/\" target=\"_blank\" rel=\"noreferrer noopener\">F\u00f3rmula 1<\/a><\/strong>&nbsp;se encuentra de vacaciones y volver\u00e1 para las pruebas de pretemporada, previstas en&nbsp;<strong>Bahr\u00e9in&nbsp;<\/strong>entre el 26 y el 28 de febrero. La temporada 2025 comienza con el&nbsp;<strong>Gran Premio de Australia<\/strong>, del 14 al 16 de marzo.<\/p>\n\n\n\n<figure class=\"wp-block-embed is-type-video is-provider-youtube wp-block-embed-youtube wp-embed-aspect-16-9 wp-has-aspect-ratio\"><div class=\"wp-block-embed__wrapper\">\n<iframe loading=\"lazy\" title=\"HAMILTON LLEGA A FERRARI Y DESPIERTA UNA NUEVA ILUSI\u00d3N\" width=\"500\" height=\"281\" src=\"https:\/\/www.youtube.com\/embed\/9SayPj6cciY?feature=oembed\" frameborder=\"0\" allow=\"accelerometer; autoplay; clipboard-write; encrypted-media; gyroscope; picture-in-picture; web-share\" referrerpolicy=\"strict-origin-when-cross-origin\" allowfullscreen><\/iframe>\n<\/div><\/figure>\n","protected":false},"excerpt":{"rendered":"<p>El jefe de equipo de Alpine, Oliver Oakes, asegur\u00f3 que la presencia de Franco Colapinto en la reserva del equipo es para que haya \u00abopciones de futuro\u00bb<\/p>\n","protected":false},"author":0,"featured_media":1010244903,"comment_status":"closed","ping_status":"closed","sticky":false,"template":"","format":"standard","meta":{"42wp_featured_image_caption":"","42wp_featured_image_credits":"","42wp_featured_video":"","42wp_featured_image_hidden":false,"42wp_authors_list":[],"footnotes":""},"categories":[5],"tags":[678,181,1710,2326,179,8059,814,1488,1011,10593,1088,427,3326,9647],"42wp_author":[14239],"class_list":["post-9541","post","type-post","status-publish","format-standard","has-post-thumbnail","hentry","category-f1","tag-alpine","tag-f1","tag-f1-2025","tag-flavio-briatore","tag-formula-1","tag-formula-1-2025","tag-franco-colapinto","tag-grande-premio","tag-jack-doohan","tag-oliver-oakes","tag-paul-aron","tag-pierre-gasly","tag-ryo-hirakawa","tag-temporada-2025-f1","42wp_author-jp-otrosky"],"_links":{"self":[{"href":"https:\/\/grandepremio.com\/es\/wp-json\/wp\/v2\/posts\/9541","targetHints":{"allow":["GET"]}}],"collection":[{"href":"https:\/\/grandepremio.com\/es\/wp-json\/wp\/v2\/posts"}],"about":[{"href":"https:\/\/grandepremio.com\/es\/wp-json\/wp\/v2\/types\/post"}],"replies":[{"embeddable":true,"href":"https:\/\/grandepremio.com\/es\/wp-json\/wp\/v2\/comments?post=9541"}],"version-history":[{"count":0,"href":"https:\/\/grandepremio.com\/es\/wp-json\/wp\/v2\/posts\/9541\/revisions"}],"wp:featuredmedia":[{"embeddable":true,"href":"https:\/\/grandepremio.com\/es\/wp-json\/wp\/v2\/media\/1010244903"}],"wp:attachment":[{"href":"https:\/\/grandepremio.com\/es\/wp-json\/wp\/v2\/media?parent=9541"}],"wp:term":[{"taxonomy":"category","embeddable":true,"href":"https:\/\/grandepremio.com\/es\/wp-json\/wp\/v2\/categories?post=9541"},{"taxonomy":"post_tag","embeddable":true,"href":"https:\/\/grandepremio.com\/es\/wp-json\/wp\/v2\/tags?post=9541"},{"taxonomy":"42wp_author","embeddable":true,"href":"https:\/\/grandepremio.com\/es\/wp-json\/wp\/v2\/42wp_author?post=9541"}],"curies":[{"name":"wp","href":"https:\/\/api.w.org\/{rel}","templated":true}]}}