{"id":9542,"date":"2025-01-24T12:41:31","date_gmt":"2025-01-24T15:41:31","guid":{"rendered":"https:\/\/grandepremio.com\/es\/2025\/01\/24\/pierer-mobility-destituye-ceo-crisis-financiera-ktm\/"},"modified":"2025-01-24T12:41:35","modified_gmt":"2025-01-24T15:41:35","slug":"pierer-mobility-destituye-ceo-crisis-financiera-ktm","status":"publish","type":"post","link":"https:\/\/grandepremio.com\/es\/motogp\/pierer-mobility-destituye-ceo-crisis-financiera-ktm\/","title":{"rendered":"Pierer Mobility destituye a su CEO tras 33 a\u00f1os en medio de la crisis financiera de KTM"},"content":{"rendered":"\n<p class=\"wp-block-paragraph\">La crisis financiera de <strong>KTM<\/strong>, que tiene al fabricante austr\u00edaco de motos al borde de la quiebra, ha provocado que el grupo <strong>Pierer Mobility<\/strong>, que gestiona los destinos de la empresa, decidi\u00f3 destituir a su CEO,<strong> Stefan Pierer<\/strong>, luego de 33 a\u00f1os, despu\u00e9s de convocar a una asamblea extraorinaria para el lunes venidero.<\/p>\n\n\n\n<p class=\"wp-block-paragraph\">\ud83d\udfe5&nbsp;<em><strong>\u00a1Todas las novedades te esperan en el canal de&nbsp;<\/strong><\/em><a href=\"https:\/\/www.youtube.com\/@GrandePremioES\"><em>YouTube<\/em><\/a><em><strong>&nbsp;de Grande Pr\u00eamio en Espa\u00f1ol!<\/strong><\/em>&nbsp;\ud83d\udfe8<\/p>\n\n\n\n<p class=\"wp-block-paragraph\">KTM encara un largo proceso de reestructuraci\u00f3n y se espera que se elija a un nuevo consejo de administraci\u00f3n.<strong> Gottfried Neumeister<\/strong> ocupar\u00e1 el cargo de Pierer, aunque el ex director ejecutivo estar\u00e1 como \u201cco-CEO\u201d para ayudar a la nueva organizaci\u00f3n, de acuerdo con el comunicado oficial que se distribuy\u00f3 en las \u00faltimas hortas de ayer.<\/p>\n\n\n\n<p class=\"wp-block-paragraph\"><strong>\u201cStefan Pierer ceder\u00e1 el cargo de CEO de Pierer Mobility AG y KTM AG a Gottfried Neumeister y seguir\u00e1 apoyando [a Neumeister] como co-CEO durante el proceso de reestructuraci\u00f3n\u201d<\/strong>, explicaron. El empresario no tendr\u00e1 la toma de decisiones, pero podr\u00e1 continuar como miembro del Consejo de Administraci\u00f3n y seguir\u00e1 de cerca cada paso.<\/p>\n\n\n\n<p class=\"wp-block-paragraph\">Pierer ha declarado luego de conocerse la noticia de su despido: <strong>\u201cPara m\u00ed, KTM siempre ha sido m\u00e1s que un negocio. Es una pasi\u00f3n, una misi\u00f3n, una familia. La decisi\u00f3n de ceder el liderazgo no ha sido f\u00e1cil. Estoy profundamente convencido de que Gottfried Neumeister, con su visi\u00f3n estrat\u00e9gica y su compromiso, es la elecci\u00f3n correcta para liderar KTM hacia el futuro\u201d.<\/strong><\/p>\n\n\n\n<figure class=\"wp-block-embed is-type-video is-provider-youtube wp-block-embed-youtube wp-embed-aspect-16-9 wp-has-aspect-ratio\"><div class=\"wp-block-embed__wrapper\">\n<iframe loading=\"lazy\" title=\"HAMILTON LLEGA A FERRARI Y DESPIERTA UNA NUEVA ILUSI\u00d3N\" width=\"500\" height=\"281\" src=\"https:\/\/www.youtube.com\/embed\/9SayPj6cciY?feature=oembed\" frameborder=\"0\" allow=\"accelerometer; autoplay; clipboard-write; encrypted-media; gyroscope; picture-in-picture; web-share\" referrerpolicy=\"strict-origin-when-cross-origin\" allowfullscreen><\/iframe>\n<\/div><\/figure>\n\n\n\n<p class=\"wp-block-paragraph\">Neumeister tambi\u00e9n se pronunci\u00f3 al respecto de su nombramiento: <strong>\u201cStefan Pierer ha creado una empresa \u00fanica que refleja la pasi\u00f3n y el esp\u00edritu pionero de todos los empleados. Considero que mi misi\u00f3n es preservar este legado y, al mismo tiempo, abrir nuevos caminos. KTM es sin\u00f3nimo de coraje, innovaci\u00f3n y pasi\u00f3n, valores por los que seguiremos rigi\u00e9ndonos y que mantendremos en el futuro. Junto con nuestro equipo, seguiremos fortaleciendo KTM y estableciendo nuevos est\u00e1ndares para construir las mejores motos del mundo\u201d.<\/strong><\/p>\n\n\n\n<p class=\"wp-block-paragraph\">Con cientos de empleados despedidos por una deuda mostruosa de miles de millones de euros y m\u00e1s de 1600 acreedores, KTM entr\u00f3 en concurso de acreedores porque no pudo conseguir la manera de financiar el pago de todas sus deudas. La nueva direcci\u00f3n de Neumeister deber\u00e1 trabajar con supervisi\u00f3n de la justicia para reorganizar la empresa de cara a poder hacer frente al compromiso de sanear sus finanzas.<\/p>\n\n\n\n<p class=\"wp-block-paragraph\">Hay que recordar que se detuvo el desarrollo de las motos de <strong>MotoGP<\/strong> para este a\u00f1o, y que se evaluaba una posible venta, con <strong>Lewis Hamilton<\/strong> como uno de los interesados en salvar a la compa\u00f1\u00eda austr\u00edaca en el <strong>Mundial de Motociclismo<\/strong>. Adem\u00e1s, se consider\u00f3 un retiro de la competici\u00f3n para 2026, pero todos los activos est\u00e1n incluidos en el proceso judicial, por lo que podr\u00edan ser vendidos en un plazo de 90 d\u00edas.<\/p>\n\n\n\n<p class=\"wp-block-paragraph\">Por \u00faltimo, KTM tiene contemplado m\u00e1s despidos de hasta 750 empleados, se ha paralizado la fabricaci\u00f3n de motos nuevas por dos meses, no se comprar\u00e1 a <strong>MV Agusta<\/strong> y el proyecto del veh\u00edculo deportivo <strong>X-Box<\/strong> ser\u00e1 otro de los activos a la venta.<\/p>\n\n\n\n<p class=\"wp-block-paragraph\">\u23e9&nbsp;<em><strong>\u00a1Seguinos en redes por&nbsp;<\/strong><\/em><a href=\"https:\/\/twitter.com\/grandepremioES\"><em>Twitter&nbsp;<\/em><\/a><em><strong>e&nbsp;<\/strong><\/em><a href=\"https:\/\/www.instagram.com\/grandepremioes\/\"><em>Instagram!<\/em><\/a><br>\u23e9&nbsp;<em><strong>Adem\u00e1s, tenemos nuestro&nbsp;<\/strong><\/em><a href=\"https:\/\/whatsapp.com\/channel\/0029VaDZ5zb0gcfDxuwxBM05\"><em>canal de Whatsapp<\/em><\/a><em><strong>&nbsp;con toda la informaci\u00f3n al instante<\/strong><\/em>&nbsp;\ud83c\udfc1<br><br>MotoGP vuelve a la acci\u00f3n entre el 5 y el 7 de febrero de 2025 con motivo de los primeros tests de pretemporada en Sepang, Malasia. GRANDE PR\u00caMIO tiene la cobertura completa del evento.<\/p>\n","protected":false},"excerpt":{"rendered":"<p>Pierer Mobility, el grupo que gestiona KTM, ha anunciado la marcha de Stefan Pierer como CEO y ha elegido a Gottfried Neumeister como nuevo responsable de la organizaci\u00f3n.<\/p>\n","protected":false},"author":0,"featured_media":1010311962,"comment_status":"closed","ping_status":"closed","sticky":false,"template":"","format":"standard","meta":{"42wp_featured_image_caption":"","42wp_featured_image_credits":"","42wp_featured_video":"","42wp_featured_image_hidden":false,"42wp_authors_list":[],"footnotes":""},"categories":[8],"tags":[11572,1381,199,1293,1764,11262,11353,8316,11576],"42wp_author":[14237],"class_list":["post-9542","post","type-post","status-publish","format-standard","has-post-thumbnail","hentry","category-motogp","tag-gottfried-neumeister","tag-ktm","tag-lewis-hamilton","tag-motogp","tag-mundial-de-motociclismo","tag-mv-agusta","tag-pierer-mobility","tag-stefan-pierer","tag-x-box","42wp_author-gabriel-garcia"],"_links":{"self":[{"href":"https:\/\/grandepremio.com\/es\/wp-json\/wp\/v2\/posts\/9542","targetHints":{"allow":["GET"]}}],"collection":[{"href":"https:\/\/grandepremio.com\/es\/wp-json\/wp\/v2\/posts"}],"about":[{"href":"https:\/\/grandepremio.com\/es\/wp-json\/wp\/v2\/types\/post"}],"replies":[{"embeddable":true,"href":"https:\/\/grandepremio.com\/es\/wp-json\/wp\/v2\/comments?post=9542"}],"version-history":[{"count":0,"href":"https:\/\/grandepremio.com\/es\/wp-json\/wp\/v2\/posts\/9542\/revisions"}],"wp:featuredmedia":[{"embeddable":true,"href":"https:\/\/grandepremio.com\/es\/wp-json\/wp\/v2\/media\/1010311962"}],"wp:attachment":[{"href":"https:\/\/grandepremio.com\/es\/wp-json\/wp\/v2\/media?parent=9542"}],"wp:term":[{"taxonomy":"category","embeddable":true,"href":"https:\/\/grandepremio.com\/es\/wp-json\/wp\/v2\/categories?post=9542"},{"taxonomy":"post_tag","embeddable":true,"href":"https:\/\/grandepremio.com\/es\/wp-json\/wp\/v2\/tags?post=9542"},{"taxonomy":"42wp_author","embeddable":true,"href":"https:\/\/grandepremio.com\/es\/wp-json\/wp\/v2\/42wp_author?post=9542"}],"curies":[{"name":"wp","href":"https:\/\/api.w.org\/{rel}","templated":true}]}}