{"id":9550,"date":"2025-01-24T09:22:06","date_gmt":"2025-01-24T12:22:06","guid":{"rendered":"https:\/\/grandepremio.com\/es\/2025\/01\/24\/martni-recuerda-falta-motivacion-2024\/"},"modified":"2025-01-24T09:22:10","modified_gmt":"2025-01-24T12:22:10","slug":"martni-recuerda-falta-motivacion-2024","status":"publish","type":"post","link":"https:\/\/grandepremio.com\/es\/motogp\/martni-recuerda-falta-motivacion-2024\/","title":{"rendered":"Mart\u00edn recuerda falta de motivaci\u00f3n en 2024: \u00abUno de los peores momentos de mi vida\u00bb"},"content":{"rendered":"\n<p class=\"wp-block-paragraph\"><strong>Jorge Mart\u00edn<\/strong> afrontar\u00e1 una importante transformaci\u00f3n en la <strong>temporada 2025<\/strong> de <strong>MotoGP<\/strong>, al pasar del equipo sat\u00e9lite <strong>Pramac<\/strong> al equipo oficial <strong>Aprilia<\/strong> despu\u00e9s de ganar el t\u00edtulo en la categor\u00eda reina del <strong>Campeonato Mundial de Motociclismo<\/strong>. A pesar de los buenos momentos vividos recientemente, el espa\u00f1ol ha admitido que ha vivido situaciones dif\u00edciles en los \u00faltimos a\u00f1os.<\/p>\n\n\n\n<p class=\"wp-block-paragraph\">Tras la presentaci\u00f3n de Aprilia, <a href=\"https:\/\/grandepremio.com\/es\/motogp\/aprilia-presentacion-rsgp-jorge-martin-marco-bezzecchi-motogp-2025\/\">que ya ha desvelado la <strong>RS-GP<\/strong> para la temporada 2025<\/a>, Mart\u00edn admiti\u00f3 que no hab\u00eda estado muy motivado \u00faltimamente y que se hab\u00eda limitado a hacer lo que Pramac le ped\u00eda. Tambi\u00e9n hizo hincapi\u00e9 en su salud mental y alab\u00f3 el trabajo del psic\u00f3logo <strong>Xero Gasol<\/strong>.<\/p>\n\n\n\n<p class=\"wp-block-paragraph\">\ud83d\udfe5&nbsp;<em><strong>\u00a1Todas las novedades te esperan en el canal de&nbsp;<\/strong><\/em><a href=\"https:\/\/www.youtube.com\/@GrandePremioES\"><em>YouTube<\/em><\/a><em><strong>&nbsp;de Grande Pr\u00eamio en Espa\u00f1ol!<\/strong><\/em>&nbsp;\ud83d\udfe8<\/p>\n\n\n\n<figure class=\"wp-block-image size-large\"><img decoding=\"async\" src=\"https:\/\/grandepremio.com\/es\/wp-content\/uploads\/2025\/01\/SI202411190546-1200x800-1-1024x683.jpg\" alt=\"\" class=\"wp-image-309098\"\/><figcaption class=\"wp-element-caption\">Jorge Mart\u00edn revel\u00f3 falta de motivaci\u00f3n al inicio de 2024. (Foto: Gold &#038; Goose \/ Red Bull Content Pool)<\/figcaption><\/figure>\n\n\n\n<p class=\"wp-block-paragraph\">\u23e9\u00a0<em><strong>\u00a1Seguinos en redes por\u00a0<\/strong><\/em><a href=\"https:\/\/twitter.com\/grandepremioES\"><em>Twitter\u00a0<\/em><\/a><em><strong>e\u00a0<\/strong><\/em><a href=\"https:\/\/www.instagram.com\/grandepremioes\/\"><em>Instagram!<\/em><\/a><br>\u23e9\u00a0<em><strong>Adem\u00e1s, tenemos nuestro\u00a0<\/strong><\/em><a href=\"https:\/\/whatsapp.com\/channel\/0029VaDZ5zb0gcfDxuwxBM05\"><em>canal de Whatsapp<\/em><\/a><em><strong>\u00a0con toda la informaci\u00f3n al instante<\/strong><\/em>\u00a0\ud83c\udfc1<\/p>\n\n\n\n<p class=\"wp-block-paragraph\">\u00abCuando llegu\u00e9 a los tests [en la pretemporada de 2024], no estaba motivado. Era r\u00e1pido, pero no ten\u00eda motivaci\u00f3n, s\u00f3lo hac\u00eda mi trabajo. Me pagaban, as\u00ed que hac\u00eda el trabajo. Volv\u00ed a encontrar esa motivaci\u00f3n, no prestar atenci\u00f3n al resultado final y disfrutar del proceso, eso fue crucial\u00bb, afirm\u00f3.<\/p>\n\n\n\n<p class=\"wp-block-paragraph\">\u00abHa pasado exactamente un a\u00f1o, uno de los peores momentos de mi vida, la verdad, as\u00ed que ahora estoy contento y me siento bien. En los \u00faltimos a\u00f1os, no estaba motivado. Hac\u00eda las carreras y me entrenaba porque era muy disciplinado. Ahora me siento motivado y mantengo esa disciplina\u00bb, a\u00f1adi\u00f3 Mart\u00edn.<\/p>\n\n\n\n<p class=\"wp-block-paragraph\">\u00abHago las cosas muy bien, entiendo por qu\u00e9 hago ciertas cosas. Desde que empec\u00e9 [a ir al psic\u00f3logo], el proceso ha continuado y siempre trabajar\u00e9 el aspecto mental, incluso despu\u00e9s de retirarme, creo que es importante para la vida\u00bb, finaliz\u00f3.<\/p>\n\n\n\n<p class=\"wp-block-paragraph\"><strong>MotoGP&nbsp;<\/strong>vuelve a la acci\u00f3n entre el 5 y el 7 de febrero de 2025 con motivo de los primeros tests de pretemporada en&nbsp;<strong>Sepang<\/strong>,&nbsp;<strong>Malasia<\/strong>.<\/p>\n","protected":false},"excerpt":{"rendered":"<p>Jorge Mart\u00edn reconoci\u00f3 que lo pas\u00f3 mal en la temporada 2024 de MotoGP, sobre todo por falta de motivaci\u00f3n, pero destac\u00f3 que hab\u00eda trabajado su salud mental con un psic\u00f3logo.<\/p>\n","protected":false},"author":0,"featured_media":1010311099,"comment_status":"closed","ping_status":"closed","sticky":false,"template":"","format":"standard","meta":{"42wp_featured_image_caption":"","42wp_featured_image_credits":"","42wp_featured_video":"","42wp_featured_image_hidden":false,"42wp_authors_list":[],"footnotes":""},"categories":[8],"tags":[1394,1526,1293,9621,1363,2199,11570],"42wp_author":[14240],"class_list":["post-9550","post","type-post","status-publish","format-standard","has-post-thumbnail","hentry","category-motogp","tag-aprilia","tag-jorge-martin","tag-motogp","tag-motogp-2025","tag-pramac","tag-rs-gp","tag-xero-gasol","42wp_author-ignacio-bogado"],"_links":{"self":[{"href":"https:\/\/grandepremio.com\/es\/wp-json\/wp\/v2\/posts\/9550","targetHints":{"allow":["GET"]}}],"collection":[{"href":"https:\/\/grandepremio.com\/es\/wp-json\/wp\/v2\/posts"}],"about":[{"href":"https:\/\/grandepremio.com\/es\/wp-json\/wp\/v2\/types\/post"}],"replies":[{"embeddable":true,"href":"https:\/\/grandepremio.com\/es\/wp-json\/wp\/v2\/comments?post=9550"}],"version-history":[{"count":0,"href":"https:\/\/grandepremio.com\/es\/wp-json\/wp\/v2\/posts\/9550\/revisions"}],"wp:featuredmedia":[{"embeddable":true,"href":"https:\/\/grandepremio.com\/es\/wp-json\/wp\/v2\/media\/1010311099"}],"wp:attachment":[{"href":"https:\/\/grandepremio.com\/es\/wp-json\/wp\/v2\/media?parent=9550"}],"wp:term":[{"taxonomy":"category","embeddable":true,"href":"https:\/\/grandepremio.com\/es\/wp-json\/wp\/v2\/categories?post=9550"},{"taxonomy":"post_tag","embeddable":true,"href":"https:\/\/grandepremio.com\/es\/wp-json\/wp\/v2\/tags?post=9550"},{"taxonomy":"42wp_author","embeddable":true,"href":"https:\/\/grandepremio.com\/es\/wp-json\/wp\/v2\/42wp_author?post=9550"}],"curies":[{"name":"wp","href":"https:\/\/api.w.org\/{rel}","templated":true}]}}