{"id":9586,"date":"2025-01-21T16:05:54","date_gmt":"2025-01-21T19:05:54","guid":{"rendered":"https:\/\/grandepremio.com\/es\/2025\/01\/21\/lindblad-foco-f1-dice-elogios-red-bull-no-presion\/"},"modified":"2025-01-21T16:05:58","modified_gmt":"2025-01-21T19:05:58","slug":"lindblad-foco-f1-dice-elogios-red-bull-no-presion","status":"publish","type":"post","link":"https:\/\/grandepremio.com\/es\/f1\/lindblad-foco-f1-dice-elogios-red-bull-no-presion\/","title":{"rendered":"Lindblad reitera su foco en la F1 y dice que los elogios de Red Bull &#8220;no aumentan la presi\u00f3n&#8221;"},"content":{"rendered":"\n<p class=\"wp-block-paragraph\">Con 17 a\u00f1os, el brit\u00e1nico <strong>Arvid Lindblad<\/strong> es una de las grandes promesas para el futuro en la<strong> F\u00f3rmula 1<\/strong> y forma parte de la academia de pilotos de <strong>Red Bull<\/strong> y ya ha dado el salto de la F\u00f3rmula 3, donde gan\u00f3 cuatro carreras en 2024, a la <strong>F\u00f3rmula 2<\/strong> en 2025 con el equipo <strong>Campos Racing<\/strong>, el mismo para el que corri\u00f3 el ahora competidor de Racing Bulls, <strong>Isack Hadjar<\/strong>.<\/p>\n\n\n\n<p class=\"wp-block-paragraph\">\ud83d\udfe5&nbsp;<em><strong>\u00a1Todas las novedades te esperan en el canal de&nbsp;<\/strong><\/em><a href=\"https:\/\/www.youtube.com\/@GrandePremioES\"><em>YouTube<\/em><\/a><em><strong>&nbsp;de Grande Pr\u00eamio en Espa\u00f1ol!<\/strong><\/em>&nbsp;\ud83d\udfe8<\/p>\n\n\n\n<p class=\"wp-block-paragraph\">Por sus actuaciones, Lindblad fue elogiado por el jefe del equipo de bebidas energizantes, <strong>Christian Horner<\/strong>, y el asesor deportivo, <strong>Helmut Marko<\/strong>, pero ha reconocido en una entrevista con el sitio RacingNews365, que no permitir\u00e1 que eso<em> \u201cse te suba a la cabeza\u201d<\/em> porque, reconoce, aun tiene que brindar resultados para llegar a la F1 en los pr\u00f3ximos a\u00f1os.<\/p>\n\n\n\n<p class=\"wp-block-paragraph\"><strong>\u201cEs genial ver que mis resultados y actuaciones son elogiados y tenidos en cuenta por el Dr. Marko y Christian, porque son muy importantes para mi carrera. Son realmente los grandes nombres de Red Bull. Rendir bien y verlos contentos es fundamental para mi futuro. Pero para ser honesto, no es algo en lo que piense demasiado. Al fin y al cabo, es una especie de ruido<\/strong>\u201d, declar\u00f3 Arvid sobre los elogios de los importantes directivos de la estructura austr\u00edaca.<\/p>\n\n\n\n<figure class=\"wp-block-embed is-type-video is-provider-youtube wp-block-embed-youtube wp-embed-aspect-16-9 wp-has-aspect-ratio\"><div class=\"wp-block-embed__wrapper\">\n<iframe loading=\"lazy\" title=\"\u00bfC\u00d3MO ES LA GENEALOG\u00cdA DE LOS EQUIPOS DE LA F\u00d3RMULA 1?\" width=\"500\" height=\"281\" src=\"https:\/\/www.youtube.com\/embed\/U8fuuokcHVY?feature=oembed\" frameborder=\"0\" allow=\"accelerometer; autoplay; clipboard-write; encrypted-media; gyroscope; picture-in-picture; web-share\" referrerpolicy=\"strict-origin-when-cross-origin\" allowfullscreen><\/iframe>\n<\/div><\/figure>\n\n\n\n<p class=\"wp-block-paragraph\"><strong>\u201cSi piensas demasiado en ello, es f\u00e1cil que se te suba a la cabeza. Que digan estas cosas es bueno, y demuestra que est\u00e1n contentos conmigo ahora, pero todo puede cambiar muy r\u00e1pidamente, como sabemos en el automovilismo, y lo que dicen ahora, por s\u00ed solo no me llevar\u00e1 a la F\u00f3rmula 1. Estoy muy centrado en m\u00ed mismo y en rendir bien cada vez que me subo al coche, porque eso es lo que me gusta\u201d<\/strong>, a\u00f1adi\u00f3 el corredor con ra\u00edces de la India.<\/p>\n\n\n\n<p class=\"wp-block-paragraph\">M\u00e1s all\u00e1 de que quiere hacer una buena tarea en la F2 en su temporada de debut, el londinense piensa que no tiene presi\u00f3n por lo que se habla de \u00e9l:<strong> \u201cDesde el punto de vista de la presi\u00f3n, [los elogios] no me presionan mucho, estoy muy motivado para ganar. Quiero ganar. Yo dir\u00eda que toda la presi\u00f3n que siento viene de m\u00ed mismo, porque tengo esta hambre, esta pasi\u00f3n y esta expectativa de m\u00ed mismo. As\u00ed que, sinceramente, lo que digan no cambia mucho las cosas\u201d.<\/strong><\/p>\n\n\n\n<p class=\"wp-block-paragraph\">Por \u00faltimo, Lindblad se\u00f1al\u00f3 que su objetivo de llegar a la F1 est\u00e1 alineado con la b\u00fasqueda de Red Bull de formar pilotos y darles un lugar en sus equipos: <strong>\u201cSiempre lo he visto, desde el punto de vista de un equipo junior, como si tuvieran fe en m\u00ed. Por eso estoy en el programa. Creen que estoy haciendo un buen trabajo, por eso dicen estas cosas en la prensa. Quieren pilotos en la F\u00f3rmula 1. Quieren buenos pilotos. Yo quiero estar en la F\u00f3rmula 1. Desde su punto de vista, nuestros objetivos y pasiones est\u00e1n alineados, as\u00ed que no me supone ninguna presi\u00f3n\u201d.<\/strong><\/p>\n\n\n\n<figure class=\"wp-block-image size-large\"><img decoding=\"async\" src=\"https:\/\/grandepremio.com\/cdn-cgi\/image\/width=893,height=558,fit=contain,gravity=0.5x0.5,quality=75,format=webp\/es\/wp-content\/uploads\/2025\/01\/SI202407070240-1-1024x683.jpg\" alt=\"\" class=\"wp-image-311468\"\/><figcaption class=\"wp-element-caption\">Arvid Lindblad quiere demostrar su talento y no se pone presion. (Foto: Red Bull Content Pool)<\/figcaption><\/figure>\n\n\n\n<p class=\"wp-block-paragraph\">De cara a conseguir la superlicencia que otorga la <strong>Federaci\u00f3n Internacional del Autom\u00f3vil<\/strong> (FIA) para poder correr en la m\u00e1xima especialidad del deporte motor, Red Bull ha preparado para Lindblad una serie de pruebas con autos de otras temporadas, las llamadas <strong>TPC<\/strong>, est\u00e1 participando de la <strong>Formula Regional de Oceania<\/strong> (FROC) para ganar carreras y obtener los puntos de la licencia de pilotos, con vistas a un posible desembarco en la <strong>F1 2026<\/strong>.<\/p>\n\n\n\n<p class=\"wp-block-paragraph\">\u23e9\u00a0<em><strong>\u00a1Seguinos en redes por\u00a0<\/strong><\/em><a href=\"https:\/\/twitter.com\/grandepremioES\"><em>Twitter\u00a0<\/em><\/a><em><strong>e\u00a0<\/strong><\/em><a href=\"https:\/\/www.instagram.com\/grandepremioes\/\"><em>Instagram!<\/em><\/a><br>\u23e9\u00a0<em><strong>Adem\u00e1s, tenemos nuestro\u00a0<\/strong><\/em><a href=\"https:\/\/whatsapp.com\/channel\/0029VaDZ5zb0gcfDxuwxBM05\"><em>canal de Whatsapp<\/em><\/a><em><strong>\u00a0con toda la informaci\u00f3n al instante<\/strong><\/em>\u00a0\ud83c\udfc1<br><br>La F\u00f3rmula 1 y la F\u00f3rmula 2 comenzar\u00e1n con sus temporadas 2025 en el Gran Premio de Australia entre el 14 y el 16 de marzo en las calles de Albert Park, en Melbourne.<\/p>\n","protected":false},"excerpt":{"rendered":"<p>Arvid Lindblad habl\u00f3 de Christian Horner y Helmut Marko y agradeci\u00f3 a Red Bull la confianza depositada en su trabajo durante los \u00faltimos a\u00f1os, pero dej\u00f3 en claro que debe trabajar duro para lograr una butaca en la F\u00f3rmula 1 en el futuro.<\/p>\n","protected":false},"author":0,"featured_media":1010311464,"comment_status":"closed","ping_status":"closed","sticky":false,"template":"","format":"standard","meta":{"42wp_featured_image_caption":"","42wp_featured_image_credits":"","42wp_featured_video":"","42wp_featured_image_hidden":false,"42wp_authors_list":[],"footnotes":""},"categories":[5],"tags":[7053,281,1336,1680,2537,179,211,11555,1358,2300,206,11474],"42wp_author":[14237],"class_list":["post-9586","post","type-post","status-publish","format-standard","has-post-thumbnail","hentry","category-f1","tag-arvid-lindblad","tag-campos-racing","tag-christian-horner","tag-f1-2026","tag-federacion-internacional-del-automovil","tag-formula-1","tag-formula-2","tag-formula-regional-de-oceania","tag-helmut-marko","tag-isack-hadjar","tag-red-bull","tag-tpc","42wp_author-gabriel-garcia"],"_links":{"self":[{"href":"https:\/\/grandepremio.com\/es\/wp-json\/wp\/v2\/posts\/9586","targetHints":{"allow":["GET"]}}],"collection":[{"href":"https:\/\/grandepremio.com\/es\/wp-json\/wp\/v2\/posts"}],"about":[{"href":"https:\/\/grandepremio.com\/es\/wp-json\/wp\/v2\/types\/post"}],"replies":[{"embeddable":true,"href":"https:\/\/grandepremio.com\/es\/wp-json\/wp\/v2\/comments?post=9586"}],"version-history":[{"count":0,"href":"https:\/\/grandepremio.com\/es\/wp-json\/wp\/v2\/posts\/9586\/revisions"}],"wp:featuredmedia":[{"embeddable":true,"href":"https:\/\/grandepremio.com\/es\/wp-json\/wp\/v2\/media\/1010311464"}],"wp:attachment":[{"href":"https:\/\/grandepremio.com\/es\/wp-json\/wp\/v2\/media?parent=9586"}],"wp:term":[{"taxonomy":"category","embeddable":true,"href":"https:\/\/grandepremio.com\/es\/wp-json\/wp\/v2\/categories?post=9586"},{"taxonomy":"post_tag","embeddable":true,"href":"https:\/\/grandepremio.com\/es\/wp-json\/wp\/v2\/tags?post=9586"},{"taxonomy":"42wp_author","embeddable":true,"href":"https:\/\/grandepremio.com\/es\/wp-json\/wp\/v2\/42wp_author?post=9586"}],"curies":[{"name":"wp","href":"https:\/\/api.w.org\/{rel}","templated":true}]}}