{"id":9591,"date":"2025-01-21T14:09:53","date_gmt":"2025-01-21T17:09:53","guid":{"rendered":"https:\/\/grandepremio.com\/es\/2025\/01\/21\/rossi-confirma-presencia-12-horas-bathurst-marciello-weerts\/"},"modified":"2025-01-21T14:09:56","modified_gmt":"2025-01-21T17:09:56","slug":"rossi-confirma-presencia-12-horas-bathurst-marciello-weerts","status":"publish","type":"post","link":"https:\/\/grandepremio.com\/es\/resistencia\/rossi-confirma-presencia-12-horas-bathurst-marciello-weerts\/","title":{"rendered":"Rossi confirma su presencia en las 12 Horas de Bathurst junto a Marciello y Weerts"},"content":{"rendered":"\n<p class=\"wp-block-paragraph\">El campeonato del <strong>Intercontinental GT Challenge<\/strong> comenzar\u00e1 entre el 31 de enero y el 2 de febrero con las ya tradicionales <strong>12 horas de Bathurst<\/strong>, que tendr\u00e1, nuevamente, entre sus pilotos a <strong>Valentino Rossi<\/strong>, tras la confirmaci\u00f3n oficial de<strong> BMW<\/strong> de que participar\u00e1 con dos M4 GT3 de la carrera en el circuito de <strong>Mount Panorama<\/strong>. <\/p>\n\n\n\n<p class=\"wp-block-paragraph\">\ud83d\udfe5\u00a0<em><strong>\u00a1Todas las novedades te esperan en el canal de\u00a0<\/strong><\/em><a href=\"https:\/\/www.youtube.com\/@GrandePremioES\"><em>YouTube<\/em><\/a><em><strong>\u00a0de Grande Pr\u00eamio en Espa\u00f1ol!<\/strong><\/em>\u00a0\ud83d\udfe8<\/p>\n\n\n\n<p class=\"wp-block-paragraph\">La marca alemana alinear\u00e1 a Rossi, siete veces campe\u00f3n del mundo de <strong>MotoGP<\/strong>, junto a <strong>Raffaele Marciello <\/strong>y <strong>Charles Weerts<\/strong>, tambi\u00e9n pilotos oficiales del fabricante b\u00e1varo. Adem\u00e1s del auto #46, se har\u00e1 presente el coche #32 con los hermanos Sheldon y <strong>Kelvin Van der Linde<\/strong> compartiendo el veh\u00edculo con el brasile\u00f1o <strong>Augusto Farfus<\/strong>.<\/p>\n\n\n\n<p class=\"wp-block-paragraph\">De esta manera, el legendario motociclista intentar\u00e1 ganar la carrera en su tercera participaci\u00f3n, luego de haber acabado quinto junto con Maxime Martin y con Marciello y fue sexto en su primera ocasi\u00f3n en la monta\u00f1a, en 2023, acompa\u00f1ado de Farfus, en lo que supuso su desembarco como piloto de BMW tras un a\u00f1o con Audi.<\/p>\n\n\n\n<figure class=\"wp-block-embed is-type-video is-provider-youtube wp-block-embed-youtube wp-embed-aspect-16-9 wp-has-aspect-ratio\"><div class=\"wp-block-embed__wrapper\">\n<iframe loading=\"lazy\" title=\"\u00bfC\u00d3MO ES LA GENEALOG\u00cdA DE LOS EQUIPOS DE LA F\u00d3RMULA 1?\" width=\"500\" height=\"281\" src=\"https:\/\/www.youtube.com\/embed\/U8fuuokcHVY?feature=oembed\" frameborder=\"0\" allow=\"accelerometer; autoplay; clipboard-write; encrypted-media; gyroscope; picture-in-picture; web-share\" referrerpolicy=\"strict-origin-when-cross-origin\" allowfullscreen><\/iframe>\n<\/div><\/figure>\n\n\n\n<p class=\"wp-block-paragraph\">Por otro lado, BMW busca su primera victoria en las 12 horas de Bathurst en la era de los autos de GT3, mientras que el equipo belga <strong>WRT<\/strong>, que atiende los M4, quiere volver a ganar luego de haberlo hecho en 2018, pero con <strong>Audi<\/strong>. El a\u00f1o pasado, Weerts, Dries Vanthoor y Sheldon Van der Linde chocaron al inicio de la prueba despu\u00e9s de haber realizado la pole position.<\/p>\n\n\n\n<p class=\"wp-block-paragraph\">Rossi volver\u00e1 a correr a tiempo completo en el Mundial de Resistencia junto a Kelvin Van der Linde y Ahmad Al Harthy. El cambio en su alineaci\u00f3n tiene que ver con la salida a Mercedes de Maxime Martin y la llegada del piloto sudafricano. El oriundo de Tavullia, en cambio, decidi\u00f3 abandonar la GT World Challenge Europe para enfocarse en su equipo de MotoGP y estar m\u00e1s cerca de su familia.<\/p>\n\n\n\n<p class=\"wp-block-paragraph\">\u23e9\u00a0<em><strong>\u00a1Seguinos en redes por\u00a0<\/strong><\/em><a href=\"https:\/\/twitter.com\/grandepremioES\"><em>Twitter\u00a0<\/em><\/a><em><strong>e\u00a0<\/strong><\/em><a href=\"https:\/\/www.instagram.com\/grandepremioes\/\"><em>Instagram!<\/em><\/a><br>\u23e9\u00a0<em><strong>Adem\u00e1s, tenemos nuestro\u00a0<\/strong><\/em><a href=\"https:\/\/whatsapp.com\/channel\/0029VaDZ5zb0gcfDxuwxBM05\"><em>canal de Whatsapp<\/em><\/a><em><strong>\u00a0con toda la informaci\u00f3n al instante<\/strong><\/em>\u00a0\ud83c\udfc1<br><br>Mientras que el WEC arrancar\u00e1 el 28 de febrero en Qatar, con la carrera de 1812 kil\u00f3metros en Lusail, el Intercontinental GT Challenge, que reune a las marcas que participan en los campeonatos de GT3, tendr\u00e1 fechas en Bathurst, ser\u00e1 parte de las <strong>24 horas de N\u00fcrburgring<\/strong> y de Spa, ambas en junio, se revivir\u00e1n los <strong>1000 kil\u00f3metros de Suzuka<\/strong> en septiembre y se cerrar\u00e1 con las 8 horas de Indianapolis, en octubre.<\/p>\n\n\n\n<p class=\"wp-block-paragraph\"><strong>BATHURST 12 HOUR- LISTA DE INSCRITOS AL 21 DE ENERO<\/strong><\/p>\n\n\n\n<figure class=\"wp-block-table\"><table class=\"has-fixed-layout\"><thead><tr><th>N\u00daMERO<\/th><th>EQUIPOS\/PILOTOS<\/th><th>MARCA \/ MODELO<\/th><th>CLASE<\/th><\/tr><\/thead><tbody><tr><td>04<\/td><td>Grove Racing S. Grove \/ B. Grove \/ F. Schiller<\/td><td>Mercedes-AMG GT3<\/td><td>Bronce<\/td><\/tr><tr><td>09<\/td><td>Hallmarc Racing M. Cini \/ L. Holdsworth \/ D. Fiore<\/td><td>Audi R8 LMS EVO<\/td><td>Bronce<\/td><\/tr><tr><td>14<\/td><td>Volante Rosso Motorsport J. Day \/ M. Villagomez \/ J. Robotham<\/td><td>Aston Martin Vantage GT3<\/td><td>Silver<\/td><\/tr><tr><td>24<\/td><td>Method Motorsport A. Levitt \/ J. Santalucia \/ C. Campbell<\/td><td>McLaren Artura GT4<\/td><td>GT4<\/td><\/tr><tr><td>25<\/td><td>Method Motorsport T. Hayman \/ P. Buccini \/ R. Sorensen<\/td><td>McLaren Artura GT4<\/td><td>GT4<\/td><\/tr><tr><td>26<\/td><td>Arise Racing GT C. Mostert \/ W. Brown \/ D. Serra<\/td><td>Ferrari 296 GT3<\/td><td>Pro<\/td><\/tr><tr><td>27<\/td><td>Heart of Racing by SPS R. Gunn \/ I. James \/ Z. Robichon<\/td><td>Mercedes-AMG GT3<\/td><td>Bronce<\/td><\/tr><tr><td>32<\/td><td>Team WRT A. Farfus \/ S. van der Linde \/ K. van der Linde<\/td><td>BMW M4 GT3<\/td><td>Pro<\/td><\/tr><tr><td>36<\/td><td>Arise Racing GT A. Rovera \/ J. Evans \/ E. Schutte \/ B. Schumacher<\/td><td>Ferrari 296 GT3<\/td><td>Pro-Am<\/td><\/tr><tr><td>44<\/td><td>Valmont Racing \/ Tigani Motorsport M. Zalloua \/ S. Pires \/ S. Andrews<\/td><td>Audi R8 LMS EVO II<\/td><td>Pro-Am<\/td><\/tr><tr><td>47<\/td><td>Supabarn Supermarkets \/ Tigani Motorsport J. Koundouris \/ T. Koundouris \/ D. Russell \/ L. Youlden<\/td><td>Mercedes-AMG GT3<\/td><td>Silver<\/td><\/tr><tr><td>46<\/td><td>Team WRT V. Rossi \/ C. Weerts \/ R. Marciello<\/td><td>BMW M4 GT3<\/td><td>Pro<\/td><\/tr><tr><td>50<\/td><td>Vantage Team KTM D. Crampton \/ T. Harrison \/ G. Wood<\/td><td>KTM X-Bow GT2<\/td><td>INV<\/td><\/tr><tr><td>75<\/td><td>SunEnergy1 Racing K. Habul \/ J. Gounon \/ L. Stolz<\/td><td>Mercede-AMG GT3<\/td><td>Pro<\/td><\/tr><tr><td>77<\/td><td>Mercedes-AMG Team Craft-Bamboo Racing<\/td><td>Mercedes-AMG GT3<\/td><td>Pro<\/td><\/tr><tr><td>91<\/td><td>The Bend Y. Shahin \/ S. Shahin<\/td><td>Porsche 911GT3R (992)<\/td><td>Pro-Am<\/td><\/tr><tr><td>93<\/td><td>Wall Racing A. Deitz \/ T. D&#8217;Alberto \/ G. Denyer \/ B. Leitch<\/td><td>Lamborghini Huracan GT3 EVO2<\/td><td>Bronce<\/td><\/tr><tr><td>111<\/td><td>111 Racing D. Currie \/ G. Donaldson<\/td><td>Mercedes-AMG GT3<\/td><td>Bronce<\/td><\/tr><tr><td>183<\/td><td>Jamec Racing \/ Team MPC L. Talbot \/ B. Feeney \/ R. Feller<\/td><td>Audi R8 LMS EVO II<\/td><td>PRO<\/td><\/tr><tr><td>222<\/td><td>Scott Taylor Motorsport C. Lowndes \/ T. Randle \/ C. Waters<\/td><td>Mercedes-AMG GT3<\/td><td>Pro<\/td><\/tr><tr><td>888<\/td><td>Mercedes-AMG Team GMR<\/td><td>Mercedes-AMG GT3<\/td><td>Pro<\/td><\/tr><tr><td>911<\/td><td>Absolute Racing M. Campbell \/ A. Guven \/ A. Picariello<\/td><td>Porsche 911GT3R (992)<\/td><td>Pro<\/td><\/tr><\/tbody><\/table><\/figure>\n","protected":false},"excerpt":{"rendered":"<p>Valentino Rossi volver\u00e1 a competir en la edidic\u00f3n 2025 de las 12 horas de Bathurst con BMW, luego de haber participado el a\u00f1o pasado con la marca alemana y lo har\u00e1 en el auto #46 junto a Raffaele Marciello y Charles Weerts.<\/p>\n","protected":false},"author":0,"featured_media":1010311440,"comment_status":"closed","ping_status":"closed","sticky":false,"template":"","format":"standard","meta":{"42wp_featured_image_caption":"","42wp_featured_image_credits":"","42wp_featured_video":"","42wp_featured_image_hidden":false,"42wp_authors_list":[],"footnotes":""},"categories":[19],"tags":[11550,10186,7270,612,4627,1543,11549,10512,1699,1293,9502,3136,1295,2039],"42wp_author":[14237],"class_list":["post-9591","post","type-post","status-publish","format-standard","has-post-thumbnail","hentry","category-resistencia","tag-1000-kilometros-de-suzuka","tag-12-horas-de-bathurst","tag-24-horas-de-nurburgring","tag-audi","tag-augusto-farfus","tag-bmw","tag-charles-weerts","tag-intercontinental-gt-challenge","tag-kelvin-van-der-linde","tag-motogp","tag-mount-panorama","tag-raffaele-marciello","tag-valentino-rossi","tag-wrt","42wp_author-gabriel-garcia"],"_links":{"self":[{"href":"https:\/\/grandepremio.com\/es\/wp-json\/wp\/v2\/posts\/9591","targetHints":{"allow":["GET"]}}],"collection":[{"href":"https:\/\/grandepremio.com\/es\/wp-json\/wp\/v2\/posts"}],"about":[{"href":"https:\/\/grandepremio.com\/es\/wp-json\/wp\/v2\/types\/post"}],"replies":[{"embeddable":true,"href":"https:\/\/grandepremio.com\/es\/wp-json\/wp\/v2\/comments?post=9591"}],"version-history":[{"count":0,"href":"https:\/\/grandepremio.com\/es\/wp-json\/wp\/v2\/posts\/9591\/revisions"}],"wp:featuredmedia":[{"embeddable":true,"href":"https:\/\/grandepremio.com\/es\/wp-json\/wp\/v2\/media\/1010311440"}],"wp:attachment":[{"href":"https:\/\/grandepremio.com\/es\/wp-json\/wp\/v2\/media?parent=9591"}],"wp:term":[{"taxonomy":"category","embeddable":true,"href":"https:\/\/grandepremio.com\/es\/wp-json\/wp\/v2\/categories?post=9591"},{"taxonomy":"post_tag","embeddable":true,"href":"https:\/\/grandepremio.com\/es\/wp-json\/wp\/v2\/tags?post=9591"},{"taxonomy":"42wp_author","embeddable":true,"href":"https:\/\/grandepremio.com\/es\/wp-json\/wp\/v2\/42wp_author?post=9591"}],"curies":[{"name":"wp","href":"https:\/\/api.w.org\/{rel}","templated":true}]}}