{"id":9608,"date":"2025-01-20T13:10:04","date_gmt":"2025-01-20T16:10:04","guid":{"rendered":"https:\/\/grandepremio.com\/es\/2025\/01\/20\/mclaren-senala-llegada-stella-paso-mas-importante-recuperacion-f1\/"},"modified":"2025-01-20T13:10:08","modified_gmt":"2025-01-20T16:10:08","slug":"mclaren-senala-llegada-stella-paso-mas-importante-recuperacion-f1","status":"publish","type":"post","link":"https:\/\/grandepremio.com\/es\/f1\/mclaren-senala-llegada-stella-paso-mas-importante-recuperacion-f1\/","title":{"rendered":"McLaren se\u00f1ala la llegada de Stella como \u00abel paso m\u00e1s importante\u00bb en la recuperaci\u00f3n en F1"},"content":{"rendered":"\n<p class=\"wp-block-paragraph\">El CEO de <strong>McLaren<\/strong>, <strong>Zak Brown<\/strong>, volvi\u00f3 a deshacerse en elogios hacia <strong>Andrea Stella<\/strong> y destac\u00f3 la importancia del italiano en el crecimiento de la escuder\u00eda papaya desde que asumi\u00f3 el cargo de director del equipo a principios de <strong>2023<\/strong>. Haciendo un r\u00e1pido repaso a los cambios que se han producido en <strong>Woking<\/strong> en los \u00faltimos a\u00f1os, el empresario estadounidense dej\u00f3 claro que el ascenso del ingeniero al m\u00e1ximo cargo fue \u00abel paso m\u00e1s importante\u00bb del proceso.<\/p>\n\n\n\n<p class=\"wp-block-paragraph\">Contratado por la escuder\u00eda brit\u00e1nica en <strong>2015<\/strong> para trabajar como director de competici\u00f3n, Stella tom\u00f3 el relevo de <strong>Lando Norris<\/strong> y <strong>Oscar Piastri<\/strong> hace exactamente dos a\u00f1os, poco despu\u00e9s de la marcha de <strong>Andreas Seidl<\/strong>, que se march\u00f3 para convertirse en consejero delegado del <strong>Grupo Sauber<\/strong>, cargo que ya no ocupa. En casi 24 meses, el ingeniero ha sacado a McLaren del \u00faltimo puesto de la clasificaci\u00f3n para convertirla en la ganadora del <strong>Campeonato del Mundo de Constructores<\/strong> de <strong>F\u00f3rmula 1<\/strong> en <strong>2024<\/strong>, poniendo fin a una racha de 26 a\u00f1os de derrotas.<\/p>\n\n\n\n<p class=\"wp-block-paragraph\">\ud83d\udfe5&nbsp;<em><strong>\u00a1Todas las novedades te esperan en el canal de&nbsp;<\/strong><\/em><a href=\"https:\/\/www.youtube.com\/@GrandePremioES\"><em>YouTube<\/em><\/a><em><strong>&nbsp;de Grande Pr\u00eamio en Espa\u00f1ol!<\/strong><\/em>&nbsp;\ud83d\udfe8<\/p>\n\n\n\n<figure class=\"wp-block-embed is-type-video is-provider-youtube wp-block-embed-youtube wp-embed-aspect-16-9 wp-has-aspect-ratio\"><div class=\"wp-block-embed__wrapper\">\n<iframe loading=\"lazy\" title=\"\u00bfC\u00d3MO ES LA GENEALOG\u00cdA DE LOS EQUIPOS DE LA F\u00d3RMULA 1?\" width=\"500\" height=\"281\" src=\"https:\/\/www.youtube.com\/embed\/U8fuuokcHVY?feature=oembed\" frameborder=\"0\" allow=\"accelerometer; autoplay; clipboard-write; encrypted-media; gyroscope; picture-in-picture; web-share\" referrerpolicy=\"strict-origin-when-cross-origin\" allowfullscreen><\/iframe>\n<\/div><\/figure>\n\n\n\n<p class=\"wp-block-paragraph\">Brown, por su parte, se convirti\u00f3 en director ejecutivo de la divisi\u00f3n de automovilismo de la tradicional marca brit\u00e1nica en abril de <strong>2018<\/strong>, con el objetivo de devolver a los papayas a los d\u00edas de gloria. Por el camino, se ha codeado con nombres experimentados como el franc\u00e9s <strong>\u00c9ric Boullier<\/strong>, director de carreras entre <strong>2014<\/strong> y <strong>2018<\/strong>, <strong>Jost Capito<\/strong>, que ocup\u00f3 un puesto de mando entre <strong>2016<\/strong> y <strong>2017<\/strong>, y el brasile\u00f1o <strong>Gil de Ferran<\/strong>, que jug\u00f3 un papel importante en la reestructuraci\u00f3n de la escuder\u00eda, por ejemplo.<\/p>\n\n\n\n<p class=\"wp-block-paragraph\">\u00abEl paso m\u00e1s importante fue la transici\u00f3n de la direcci\u00f3n del equipo a Andrea\u00bb, dijo Brown en una entrevista con la revista alemana <em>Auto Motor und Sport<\/em>. \u00abEl proceso comenz\u00f3 en 2019, pero se interrumpi\u00f3. Mi jefe de equipo, \u00c9ric Boullier, nunca tuvo una oportunidad justa, ya que lleg\u00f3 en un momento de grandes turbulencias. Hizo un buen trabajo en <strong>Lotus<\/strong>, pero con nosotros estaba en el centro de la tormenta. Su sucesor, Jost Capito, no era el hombre adecuado para el trabajo. De hecho, se march\u00f3 antes de que empez\u00e1ramos\u00bb, prosigui\u00f3.<\/p>\n\n\n\n<p class=\"wp-block-paragraph\">\u00abEn 2019, ten\u00edamos en nuestro equipo directivo a Gil de Ferran, <strong>Pat Fry<\/strong>, <strong>Peter Prodromou<\/strong>, <strong>Neil Houldey<\/strong> y Andrea Stella, responsables de nuestro \u00e9xito en 2021\u00bb, record\u00f3. Ese a\u00f1o, todav\u00eda bajo el mando de Seidl, McLaren volvi\u00f3 a subirse a lo m\u00e1s alto del podio en el <strong>Gran Premio de Italia<\/strong>, en <strong>Monza<\/strong>, cuando <strong>Daniel Ricciardo<\/strong> termin\u00f3 primero y Lando Norris fue segundo.<\/p>\n\n\n\n<p class=\"wp-block-paragraph\">\u00abConstruyeron el coche de 2020, que se adopt\u00f3 como base para 2021 debido a las restricciones de Covid. El \u00fanico cambio fue sustituir el motor <strong>Renault<\/strong> por el <strong>Mercedes<\/strong>. Andreas Seidl y <strong>James Key<\/strong> se unieron a nosotros en 2020 e inicialmente se hicieron cargo del proyecto de 2021, ya que ya hab\u00eda sido dise\u00f1ado por nuestro equipo de 2019\u00bb, explic\u00f3 Brown, antes de se\u00f1alar que los resultados obtenidos por la escuder\u00eda alemana fueron menores de lo esperado, ya que el equipo solo fue quinto en el <strong>Mundial de Constructores<\/strong> la temporada siguiente.<\/p>\n\n\n\n<figure class=\"wp-block-image size-large\"><img decoding=\"async\" src=\"https:\/\/grandepremio.com\/cdn-cgi\/image\/width=893,height=558,fit=contain,gravity=0.5x0.5,quality=75,format=webp\/es\/wp-content\/uploads\/2025\/01\/andrea-stella-f1-team-principa-1-1024x683.jpg\" alt=\"\" class=\"wp-image-311340\"\/><figcaption class=\"wp-element-caption\">Zak Brown destac\u00f3 el trabajo de Andrea Stella en el cambio de rumbo de McLaren. (Foto: McLaren)<\/figcaption><\/figure>\n\n\n\n<p class=\"wp-block-paragraph\">\u23e9\u00a0<em><strong>\u00a1Seguinos en redes por\u00a0<\/strong><\/em><a href=\"https:\/\/twitter.com\/grandepremioES\"><em>Twitter\u00a0<\/em><\/a><em><strong>e\u00a0<\/strong><\/em><a href=\"https:\/\/www.instagram.com\/grandepremioes\/\"><em>Instagram!<\/em><\/a><br>\u23e9\u00a0<em><strong>Adem\u00e1s, tenemos nuestro\u00a0<\/strong><\/em><a href=\"https:\/\/whatsapp.com\/channel\/0029VaDZ5zb0gcfDxuwxBM05\"><em>canal de Whatsapp<\/em><\/a><em><strong>\u00a0con toda la informaci\u00f3n al instante<\/strong><\/em>\u00a0\ud83c\udfc1<\/p>\n\n\n\n<p class=\"wp-block-paragraph\">\u00abEn 2022, volvimos a retroceder, y ese fue el trabajo de la gente nueva. Cuando la actualizaci\u00f3n no funcion\u00f3 en el <strong>GP de Francia<\/strong>, a mitad de temporada, y no me gust\u00f3 la respuesta del equipo directivo, me di cuenta de que ten\u00edamos que cambiar\u00bb, se\u00f1al\u00f3. \u00abA diferencia de 2019, Andrea Stella ahora se sent\u00eda preparado para asumir el papel de director del equipo. Hablamos de su nuevo papel durante una semana. Luego se sinti\u00f3 a gusto\u00bb, a\u00f1adi\u00f3 el directivo.<\/p>\n\n\n\n<p class=\"wp-block-paragraph\">\u00abEs muy honesto consigo mismo y no se deja llevar por su ego. Su primer trabajo al comienzo de 2023 fue reorganizar el nivel directivo. Consigui\u00f3 sacar el m\u00e1ximo potencial de cada uno. Me dijo desde el principio que tendr\u00edamos un mal comienzo de temporada en 2023. Y as\u00ed fue. Luego tuvimos esta incre\u00edble curva de desarrollo del coche. Era casi demasiado bueno para ser verdad. Pero cumplieron su palabra\u00bb, concluy\u00f3 el CEO de McLaren.<\/p>\n\n\n\n<p class=\"wp-block-paragraph\">La&nbsp;<strong>F\u00f3rmula 1<\/strong>&nbsp;est\u00e1 oficialmente de vacaciones. La pr\u00f3xima actividad ser\u00e1 la \u00fanica sesi\u00f3n de pruebas colectivas de pretemporada, prevista para los d\u00edas 26, 27 y 28 de febrero en&nbsp;<strong>Bahr\u00e9in<\/strong>. La&nbsp;<strong>temporada 2025<\/strong>&nbsp;arranca con el&nbsp;<strong>Gran Premio de Australia<\/strong>, del 14 al 16 de marzo.<\/p>\n","protected":false},"excerpt":{"rendered":"<p>El director ejecutivo de McLaren, Zak Brown, hizo un r\u00e1pido repaso a los cambios que se han producido desde su llegada a la escuder\u00eda y alab\u00f3 el trabajo de Andrea Stella. Seg\u00fan el estadounidense, el jefe del equipo \u00abno se deja llevar por su ego\u00bb.<\/p>\n","protected":false},"author":0,"featured_media":1010255727,"comment_status":"closed","ping_status":"closed","sticky":false,"template":"","format":"standard","meta":{"42wp_featured_image_caption":"","42wp_featured_image_credits":"","42wp_featured_video":"","42wp_featured_image_hidden":false,"42wp_authors_list":[],"footnotes":""},"categories":[5],"tags":[4497,1544,1710,179,3180,1222,268,269,278,2183,328],"42wp_author":[14240],"class_list":["post-9608","post","type-post","status-publish","format-standard","has-post-thumbnail","hentry","category-f1","tag-andrea-stella","tag-andreas-seidl","tag-f1-2025","tag-formula-1","tag-gil-de-ferran","tag-jost-capito","tag-lando-norris","tag-mclaren","tag-oscar-piastri","tag-pat-fry","tag-zak-brown","42wp_author-ignacio-bogado"],"_links":{"self":[{"href":"https:\/\/grandepremio.com\/es\/wp-json\/wp\/v2\/posts\/9608","targetHints":{"allow":["GET"]}}],"collection":[{"href":"https:\/\/grandepremio.com\/es\/wp-json\/wp\/v2\/posts"}],"about":[{"href":"https:\/\/grandepremio.com\/es\/wp-json\/wp\/v2\/types\/post"}],"replies":[{"embeddable":true,"href":"https:\/\/grandepremio.com\/es\/wp-json\/wp\/v2\/comments?post=9608"}],"version-history":[{"count":0,"href":"https:\/\/grandepremio.com\/es\/wp-json\/wp\/v2\/posts\/9608\/revisions"}],"wp:featuredmedia":[{"embeddable":true,"href":"https:\/\/grandepremio.com\/es\/wp-json\/wp\/v2\/media\/1010255727"}],"wp:attachment":[{"href":"https:\/\/grandepremio.com\/es\/wp-json\/wp\/v2\/media?parent=9608"}],"wp:term":[{"taxonomy":"category","embeddable":true,"href":"https:\/\/grandepremio.com\/es\/wp-json\/wp\/v2\/categories?post=9608"},{"taxonomy":"post_tag","embeddable":true,"href":"https:\/\/grandepremio.com\/es\/wp-json\/wp\/v2\/tags?post=9608"},{"taxonomy":"42wp_author","embeddable":true,"href":"https:\/\/grandepremio.com\/es\/wp-json\/wp\/v2\/42wp_author?post=9608"}],"curies":[{"name":"wp","href":"https:\/\/api.w.org\/{rel}","templated":true}]}}