{"id":9619,"date":"2025-01-20T09:25:54","date_gmt":"2025-01-20T12:25:54","guid":{"rendered":"https:\/\/grandepremio.com\/es\/2025\/01\/20\/lewis-hamilton-maranello-ferrari-formula-1-2025\/"},"modified":"2025-01-20T09:25:57","modified_gmt":"2025-01-20T12:25:57","slug":"lewis-hamilton-maranello-ferrari-formula-1-2025","status":"publish","type":"post","link":"https:\/\/grandepremio.com\/es\/f1\/lewis-hamilton-maranello-ferrari-formula-1-2025\/","title":{"rendered":"Hamilton llega en traje y corbata a Maranello y comienza su primer d\u00eda de trabajo en Ferrari"},"content":{"rendered":"\n<p class=\"wp-block-paragraph\">Ahora s\u00ed: <strong>Lewis Hamilton<\/strong> est\u00e1 en suelo italiano para dar inicio a su papel como piloto de <strong>Ferrari <\/strong>para la <strong>temporada 2025 de F\u00f3rmula 1.<\/strong> Como anticip\u00f3 la prensa local y confirm\u00f3 el director general de la escuder\u00eda, <strong>Benedetto Vigna<\/strong>, el siete veces campe\u00f3n lleg\u00f3 este lunes a la f\u00e1brica del equipo en <strong>Maranello <\/strong>y tendr\u00e1 por delante una larga jornada de trabajo.<\/p>\n\n\n\n<p class=\"wp-block-paragraph\">Hamilton lleg\u00f3 acompa\u00f1ado de su staff. Para la ocasi\u00f3n, eligi\u00f3 un atuendo que se aleja un poco del estilo de moda que se acostumbra a ver en el paddock, pero que refleja la seriedad e importancia de un paso as\u00ed: traje y corbata.<\/p>\n\n\n\n<p class=\"wp-block-paragraph\">Para el primer d\u00eda, adem\u00e1s del simulador, seg\u00fan informan los portales italianos Motorsport y AutoRacer, se espera que Hamilton participe en reuniones de planificaci\u00f3n con su jefe, <strong>Fr\u00e9d\u00e9ric Vasseur,<\/strong> as\u00ed como con los nuevos miembros del equipo Ferrari,<strong> Lo\u00efc Serra y J\u00e9r\u00f4me D&#8217;Ambrosio<\/strong>. Tambi\u00e9n tendr\u00e1 su primer contacto con el ingeniero de pista <strong>Riccardo Adami <\/strong>y con todo el plantel de ingenieros y mec\u00e1nicos que lo acompa\u00f1ar\u00e1n a lo largo de la temporada.<\/p>\n\n\n\n<p class=\"wp-block-paragraph\"><strong><em>\u00a1Todas las novedades te esperan en el canal de\u00a0<a href=\"https:\/\/www.youtube.com\/@GrandePremioES\" target=\"_blank\" rel=\"noreferrer noopener\">YouTube<\/a>\u00a0de Grande Pr\u00eamio en Espa\u00f1ol!<\/em><\/strong><\/p>\n\n\n\n<figure class=\"wp-block-image size-full\"><img decoding=\"async\" src=\"https:\/\/grandepremio.com\/es\/wp-content\/uploads\/2024\/12\/abu-dhabi-2024-lewis-hamilton-01-e1736007279617.jpg\" alt=\"\" class=\"wp-image-308693\"\/><figcaption class=\"wp-element-caption\">Lewis Hamilton se vestir\u00e1 de rojo en 2025 (Foto: AFP)<\/figcaption><\/figure>\n\n\n\n<p class=\"wp-block-paragraph\">El programa contin\u00faa el mi\u00e9rcoles, con la primera salida a pista de Hamilton al volante de un Ferrari. <a href=\"https:\/\/grandepremio.com\/es\/f1\/lewis-hamilton-debut-fiorano-22-enero-formula-1-2025\/\">AutoRacer inform\u00f3 de que el modelo elegido es la <strong>F1-75<\/strong><\/a><strong>,<\/strong> pero es posible que Lewis conduzca en Fiorano la<strong> SF-23,<\/strong> la m\u00e1quina de la temporada 2023 de F1.<\/p>\n\n\n\n<p class=\"wp-block-paragraph\">La semana que viene hay programados m\u00e1s d\u00edas de pruebas para Lewis en Barcelona, Espa\u00f1a. En total, Hamilton podr\u00e1 recorrer 1000 kil\u00f3metros con coches que entraron en el TCP (pruebas con autos de m\u00e1s de dos a\u00f1os de antig\u00fcedad) en un m\u00e1ximo de cuatro d\u00edas, seg\u00fan determina el reglamento deportivo para pilotos debutantes.<\/p>\n\n\n\n<p class=\"wp-block-paragraph\">Ferrari develar\u00e1 la librea que utilizar\u00e1 en 2025 en el acto colectivo que la F\u00f3rmula 1 organizar\u00e1 el 18 de febrero en Londres. Motorsport Italia revel\u00f3 que la escuder\u00eda utilizar\u00e1 un tono m\u00e1s intenso de rojo en 2025. Al d\u00eda siguiente de la presentaci\u00f3n, Ferrari tiene previsto realizar un shakedown en Fiorano.<\/p>\n\n\n\n<p class=\"wp-block-paragraph\"><strong><em>\u00a1Seguinos en redes por&nbsp;<\/em><\/strong><strong><em><a target=\"_blank\" href=\"https:\/\/twitter.com\/grandepremioES\" rel=\"noreferrer noopener\">Twitter&nbsp;<\/a><\/em><\/strong><strong><em>e&nbsp;<\/em><\/strong><strong><em><a target=\"_blank\" href=\"https:\/\/www.instagram.com\/grandepremioes\/\" rel=\"noreferrer noopener\">Instagram!<\/a><\/em><\/strong><br><strong><em>Adem\u00e1s, tenemos nuestro&nbsp;<\/em><\/strong><strong><em><a target=\"_blank\" href=\"https:\/\/whatsapp.com\/channel\/0029VaDZ5zb0gcfDxuwxBM05\" rel=\"noreferrer noopener\">canal de Whatsapp<\/a><\/em><\/strong><strong><em>&nbsp;con toda la informaci\u00f3n al instante<\/em><\/strong><\/p>\n\n\n\n<figure class=\"wp-block-embed is-type-video is-provider-youtube wp-block-embed-youtube wp-embed-aspect-16-9 wp-has-aspect-ratio\"><div class=\"wp-block-embed__wrapper\">\n<iframe loading=\"lazy\" title=\"\u00bfQU\u00c9 SUCEDER\u00c1 CON COLAPINTO TRAS SU FICHAJE POR ALPINE EN F1 2025?\" width=\"500\" height=\"281\" src=\"https:\/\/www.youtube.com\/embed\/N3zYG8qGcWI?feature=oembed\" frameborder=\"0\" allow=\"accelerometer; autoplay; clipboard-write; encrypted-media; gyroscope; picture-in-picture; web-share\" referrerpolicy=\"strict-origin-when-cross-origin\" allowfullscreen><\/iframe>\n<\/div><\/figure>\n\n\n\n<p class=\"wp-block-paragraph\">Hamilton se meti\u00f3 en el ambiente Ferrari nada m\u00e1s empezar el a\u00f1o. En primer lugar, cambi\u00f3 su foto de perfil en las redes sociales por una de cuando era ni\u00f1o. En ella se le ve practicando karting con un casco rojo. Su perfil en LinkedIn tambi\u00e9n se actualiz\u00f3 con su nuevo trabajo en la F1.<\/p>\n\n\n\n<p class=\"wp-block-paragraph\"><strong>La pr\u00f3xima actividad de la F\u00f3rmula 1 es la  pretemporada, prevista para los d\u00edas 26, 27 y 28 de febrero en Bahr\u00e9in. El calendario 2025 comienza con el Gran Premio de Australia, del 14 al 16 de marzo.<\/strong><\/p>\n\n\n\n<p class=\"wp-block-paragraph\"><\/p>\n","protected":false},"excerpt":{"rendered":"<p>Finalizado su ciclo en Mercedes, Lewis Hamilton lleg\u00f3 a Maranello para su primer d\u00eda de trabajo en Ferrari, donde correr\u00e1 en la temporada 2025 de F\u00f3rmula 1.<\/p>\n","protected":false},"author":0,"featured_media":1010311277,"comment_status":"closed","ping_status":"closed","sticky":false,"template":"","format":"standard","meta":{"42wp_featured_image_caption":"","42wp_featured_image_credits":"","42wp_featured_video":"","42wp_featured_image_hidden":false,"42wp_authors_list":[],"footnotes":""},"categories":[5],"tags":[181,11544,185,2116,199],"42wp_author":[14223],"class_list":["post-9619","post","type-post","status-publish","format-standard","has-post-thumbnail","hentry","category-f1","tag-f1","tag-f12025","tag-ferrari","tag-fiorano","tag-lewis-hamilton","42wp_author-esteban-nieto"],"_links":{"self":[{"href":"https:\/\/grandepremio.com\/es\/wp-json\/wp\/v2\/posts\/9619","targetHints":{"allow":["GET"]}}],"collection":[{"href":"https:\/\/grandepremio.com\/es\/wp-json\/wp\/v2\/posts"}],"about":[{"href":"https:\/\/grandepremio.com\/es\/wp-json\/wp\/v2\/types\/post"}],"replies":[{"embeddable":true,"href":"https:\/\/grandepremio.com\/es\/wp-json\/wp\/v2\/comments?post=9619"}],"version-history":[{"count":0,"href":"https:\/\/grandepremio.com\/es\/wp-json\/wp\/v2\/posts\/9619\/revisions"}],"wp:featuredmedia":[{"embeddable":true,"href":"https:\/\/grandepremio.com\/es\/wp-json\/wp\/v2\/media\/1010311277"}],"wp:attachment":[{"href":"https:\/\/grandepremio.com\/es\/wp-json\/wp\/v2\/media?parent=9619"}],"wp:term":[{"taxonomy":"category","embeddable":true,"href":"https:\/\/grandepremio.com\/es\/wp-json\/wp\/v2\/categories?post=9619"},{"taxonomy":"post_tag","embeddable":true,"href":"https:\/\/grandepremio.com\/es\/wp-json\/wp\/v2\/tags?post=9619"},{"taxonomy":"42wp_author","embeddable":true,"href":"https:\/\/grandepremio.com\/es\/wp-json\/wp\/v2\/42wp_author?post=9619"}],"curies":[{"name":"wp","href":"https:\/\/api.w.org\/{rel}","templated":true}]}}