{"id":9621,"date":"2025-01-19T16:16:43","date_gmt":"2025-01-19T19:16:43","guid":{"rendered":"https:\/\/grandepremio.com\/es\/2025\/01\/19\/juju-noda-completa-grilla-super-formula-2025-nuevo-equipo\/"},"modified":"2025-01-19T16:23:50","modified_gmt":"2025-01-19T19:23:50","slug":"juju-noda-completa-grilla-super-formula-2025-nuevo-equipo","status":"publish","type":"post","link":"https:\/\/grandepremio.com\/es\/super-formula\/juju-noda-completa-grilla-super-formula-2025-nuevo-equipo\/","title":{"rendered":"Juju Noda completa grilla de 22 autos para la Super F\u00f3rmula 2025 con un nuevo equipo"},"content":{"rendered":"\n<p class=\"wp-block-paragraph\">Se ha completado en la semana que ha terminado la grilla de 22 autos para la temporada 2025 de la <strong>S\u00faper F\u00f3rmula<\/strong> con la permanencia de <strong>Juju Noda<\/strong> en la categor\u00eda, pero con un nuevo equipo que su padre, <strong>Hideki Noda<\/strong>, ex piloto de <strong>F\u00f3rmula 1<\/strong>, ha creado: el \u201c<strong>Triple Tree Racing<\/strong>\u201d, que alistar\u00e1 su monoplaza este a\u00f1o.<\/p>\n\n\n\n<p class=\"wp-block-paragraph\">\ud83d\udfe5&nbsp;<em><strong>\u00a1Todas las novedades te esperan en el canal de&nbsp;<\/strong><\/em><a href=\"https:\/\/www.youtube.com\/@GrandePremioES\"><em>YouTube<\/em><\/a><em><strong>&nbsp;de Grande Pr\u00eamio en Espa\u00f1ol!<\/strong><\/em>&nbsp;\ud83d\udfe8<\/p>\n\n\n\n<p class=\"wp-block-paragraph\">La piloto de 18 a\u00f1os estar\u00e1 asociada junto con <strong>4Minutes<\/strong>, que antes trabaj\u00f3 con el equipo <strong>Drago Corse<\/strong>, entre 2020 y 2023, de acuerdo con informaci\u00f3n del periodista especializado <em>Jamie Klein<\/em>, y ser\u00e1n ellos quienes se encarguen del coche. Seg\u00fan el sitio web japon\u00e9s <em>Autosport Web<\/em>, el chasis ser\u00e1 completamente nuevo y la hija de Hideki usar\u00e1 el n\u00famero 10, tal como hiciera en la Euroformula Open o en la Wseries.<\/p>\n\n\n\n<p class=\"wp-block-paragraph\">Juju cuenta con un 12\u00b0 puesto de su temporada de debut en la m\u00e1xima categor\u00eda de f\u00f3rmulas en Jap\u00f3n en la fecha final de <strong>Suzuka<\/strong>, cuando era parte del equipo <strong>TGM Grand Prix<\/strong>. A pesar de su corta experiencia en coches de alta potencia, la joven competidora ha logrado un notable apoyo de sus fans en una aventura muy complicada, tambi\u00e9n, por su corta edad.<\/p>\n\n\n\n<figure class=\"wp-block-embed is-type-video is-provider-youtube wp-block-embed-youtube wp-embed-aspect-16-9 wp-has-aspect-ratio\"><div class=\"wp-block-embed__wrapper\">\n<iframe loading=\"lazy\" title=\"FENESTRAZ VUELVE A JAP\u00d3N Y BUSCA REVANCHA DEPORTIVA\" width=\"500\" height=\"281\" src=\"https:\/\/www.youtube.com\/embed\/g21MbgBPME8?feature=oembed\" frameborder=\"0\" allow=\"accelerometer; autoplay; clipboard-write; encrypted-media; gyroscope; picture-in-picture; web-share\" referrerpolicy=\"strict-origin-when-cross-origin\" allowfullscreen><\/iframe>\n<\/div><\/figure>\n\n\n\n<p class=\"wp-block-paragraph\">Por otro lado, Noda tendr\u00eda como ingeniero a <strong>Hitoshi Iyoki<\/strong>, quien trabajara con <strong>Tatiana Calder\u00f3n<\/strong> y Nirei Fukuzumi en Drago Corse. Tendr\u00e1, adem\u00e1s, un sponsor ligado a su padre con la empresa constructora Hazama Ando Corporation. Hideki ser\u00e1 director de equipo y el representante ser\u00e1 una persona cercana al padre de la piloto, Hiroki Muraji, de acuerdo con Klein y con Auto Hebdo en su versi\u00f3n espa\u00f1ola.<\/p>\n\n\n\n<p class=\"wp-block-paragraph\">Mientras que Noda ser\u00e1 la \u00fanica piloto mujer, otros dos sudamericanos formar\u00e1n parte de la categor\u00eda: hablamos de <strong><a href=\"https:\/\/grandepremio.com\/es\/super-formula\/fenestraz-confirma-doble-programa-japon-super-formula-super-gt-2025\" target=\"_blank\" rel=\"noreferrer noopener\">Sacha Fenestraz<\/a><\/strong> en el <strong>Tom&#8217;s Racing<\/strong> con el auto n\u00famero 37 y del brasile\u00f1o-japon\u00e9s <strong><a href=\"https:\/\/grandepremio.com\/es\/otras\/fraga-lidera-test-final-super-formula-2024-suzuka\/\" target=\"_blank\" rel=\"noreferrer noopener\">Igor Fraga<\/a><\/strong>, quien har\u00e1 su debut en 2025. <strong><a href=\"https:\/\/grandepremio.com\/es\/f2\/osullivan-apunta-problemas-financieros-salida-art-f2-2024\/\" target=\"_blank\" rel=\"noreferrer noopener\">Zak O&#8217;Sullivan<\/a><\/strong> se sumar\u00e1 a la lista de extranjeros dentro de la estructura del <strong>Kondo Racing<\/strong> y <strong>Oliver Rasmussen<\/strong> ocupar\u00e1 la butaca #19 del <strong>Team Impul<\/strong>.<\/p>\n\n\n\n<p class=\"wp-block-paragraph\">\u23e9&nbsp;<em><strong>\u00a1Seguinos en redes por&nbsp;<\/strong><\/em><a href=\"https:\/\/twitter.com\/grandepremioES\"><em>Twitter&nbsp;<\/em><\/a><em><strong>e&nbsp;<\/strong><\/em><a href=\"https:\/\/www.instagram.com\/grandepremioes\/\"><em>Instagram!<\/em><\/a><br>\u23e9&nbsp;<em><strong>Adem\u00e1s, tenemos nuestro&nbsp;<\/strong><\/em><a href=\"https:\/\/whatsapp.com\/channel\/0029VaDZ5zb0gcfDxuwxBM05\"><em>canal de Whatsapp<\/em><\/a><em><strong>&nbsp;con toda la informaci\u00f3n al instante<\/strong><\/em>&nbsp;\ud83c\udfc1<\/p>\n\n\n\n<p class=\"wp-block-paragraph\">La S\u00faper F\u00f3rmula volver\u00e1 a la pista el 18 y el 19 de febrero en Suzuka para los test de pretemporada y el calendario 2025 comenzar\u00e1 del 7 al 9 de marzo en el mismo circuito.<\/p>\n\n\n\n<p class=\"wp-block-paragraph\"><strong>Alineaciones Super F\u00f3rmula 2025<\/strong><\/p>\n\n\n\n<p class=\"wp-block-paragraph\">Tom&#8217;s Racing- Sho Tsuboi, <strong>Sacha Fenestraz<\/strong><\/p>\n\n\n\n<p class=\"wp-block-paragraph\">Kondo Racing- Kenta Yamashita, Zak O&#8217;Sullivan<\/p>\n\n\n\n<p class=\"wp-block-paragraph\">Team KCMG- Kamui Kobayashi, Nirei Fukuzumi<\/p>\n\n\n\n<p class=\"wp-block-paragraph\">Rookie Racing \u2013 Kazuya Oshima<\/p>\n\n\n\n<p class=\"wp-block-paragraph\">Team Impul \u2013 Oliver Rasmussen, Mitsunori Takaboshi<\/p>\n\n\n\n<p class=\"wp-block-paragraph\">KDDI TGMGP TGR-DC: Kazuto Kotaka, Hibiki Taira\/Seita Nonaka<\/p>\n\n\n\n<p class=\"wp-block-paragraph\">Cerumo Inging: Sena Sakaguchi, Toshiki Oyu<\/p>\n\n\n\n<p class=\"wp-block-paragraph\">Team Mugen &#8211; Tomoki Nojiri, Ayumu Iwasa<\/p>\n\n\n\n<p class=\"wp-block-paragraph\">Dandelion Racing &#8211; Tadasuke Makino, Kakunoshin Ohta<\/p>\n\n\n\n<p class=\"wp-block-paragraph\">Nakajima Racing &#8211; <strong>Igor Fraga<\/strong>, Ren Sato<\/p>\n\n\n\n<p class=\"wp-block-paragraph\">B-Max Racing &#8211; Shun Koide<\/p>\n\n\n\n<p class=\"wp-block-paragraph\">ThreeBond Racing &#8211; Atsushi Miyake<\/p>\n\n\n\n<p class=\"wp-block-paragraph\">Triple Tree Racing &#8211; Juju Noda<\/p>\n","protected":false},"excerpt":{"rendered":"<p>Con la continuidad de Juju Noda, la S\u00faper F\u00f3rmula tendr\u00e1 22 autos, entre ellos una nueva escuder\u00eda, Triple Tree Racing, que alistar\u00e1 el coche de la piloto japonesa, en su segundo a\u00f1o en la especialidad. Sacha Fenestraz correr\u00e1 con el Tom&#8217;s Racing. <\/p>\n","protected":false},"author":0,"featured_media":1010311264,"comment_status":"closed","ping_status":"closed","sticky":false,"template":"","format":"standard","meta":{"42wp_featured_image_caption":"","42wp_featured_image_credits":"","42wp_featured_video":"","42wp_featured_image_hidden":false,"42wp_authors_list":[],"footnotes":""},"categories":[45],"tags":[11540,11541,179,11538,11543,286,189,11231,2467,3007,4508,3484,906,10671,11542,10295,11539,2988],"42wp_author":[14237],"class_list":["post-9621","post","type-post","status-publish","format-standard","has-post-thumbnail","hentry","category-super-formula","tag-4minutes","tag-drago-corse","tag-formula-1","tag-hideki-noda","tag-hitoshi-iyoki","tag-igor-fraga","tag-juju-noda","tag-kondo-racing","tag-oliver-rasmussen","tag-sacha-fenestraz","tag-super-formula","tag-suzuka","tag-tatiana-calderon","tag-team-impul","tag-tgm-grand-prix","tag-toms-racing","tag-triple-tree-racing","tag-zak-osullivan","42wp_author-gabriel-garcia"],"_links":{"self":[{"href":"https:\/\/grandepremio.com\/es\/wp-json\/wp\/v2\/posts\/9621","targetHints":{"allow":["GET"]}}],"collection":[{"href":"https:\/\/grandepremio.com\/es\/wp-json\/wp\/v2\/posts"}],"about":[{"href":"https:\/\/grandepremio.com\/es\/wp-json\/wp\/v2\/types\/post"}],"replies":[{"embeddable":true,"href":"https:\/\/grandepremio.com\/es\/wp-json\/wp\/v2\/comments?post=9621"}],"version-history":[{"count":0,"href":"https:\/\/grandepremio.com\/es\/wp-json\/wp\/v2\/posts\/9621\/revisions"}],"wp:featuredmedia":[{"embeddable":true,"href":"https:\/\/grandepremio.com\/es\/wp-json\/wp\/v2\/media\/1010311264"}],"wp:attachment":[{"href":"https:\/\/grandepremio.com\/es\/wp-json\/wp\/v2\/media?parent=9621"}],"wp:term":[{"taxonomy":"category","embeddable":true,"href":"https:\/\/grandepremio.com\/es\/wp-json\/wp\/v2\/categories?post=9621"},{"taxonomy":"post_tag","embeddable":true,"href":"https:\/\/grandepremio.com\/es\/wp-json\/wp\/v2\/tags?post=9621"},{"taxonomy":"42wp_author","embeddable":true,"href":"https:\/\/grandepremio.com\/es\/wp-json\/wp\/v2\/42wp_author?post=9621"}],"curies":[{"name":"wp","href":"https:\/\/api.w.org\/{rel}","templated":true}]}}