{"id":9662,"date":"2025-01-16T16:10:20","date_gmt":"2025-01-16T19:10:20","guid":{"rendered":"https:\/\/grandepremio.com\/es\/2025\/01\/16\/martin-macik-vencedor-11-etapa-camiones-dakar\/"},"modified":"2025-01-16T16:10:23","modified_gmt":"2025-01-16T19:10:23","slug":"martin-macik-vencedor-11-etapa-camiones-dakar","status":"publish","type":"post","link":"https:\/\/grandepremio.com\/es\/dakar\/martin-macik-vencedor-11-etapa-camiones-dakar\/","title":{"rendered":"Mac\u00edk conquista la 11\u00aa etapa del Dakar y se acerca al bicampeonato en camiones"},"content":{"rendered":"\n<p class=\"wp-block-paragraph\"><strong>DAKAR 2025<br>11\u00aa Etapa: Shubaytah \u27a1 Shubaytah<br>Tramo de enlace: 232 km<br>Tramo cronometrado: 152 km<br>Recorrido total: 384 km<\/strong><\/p>\n\n\n\n<p class=\"wp-block-paragraph\">La pen\u00faltima jornada del <strong>Dakar 2025<\/strong> constituy\u00f3 un paso m\u00e1s para que <strong>Martin Mac\u00edk <\/strong>se acerque a su segundo campeonato consecutivo en camiones. En el especial de Shubaytah, el piloto checo volvi\u00f3 a controlar a sus adversarios y complet\u00f3 la etapa en 4h55m14.<\/p>\n\n\n\n<p class=\"wp-block-paragraph\">Junto con el navegante<strong> Frantisek Tomasek <\/strong>y el mec\u00e1nico <strong>David Svanda<\/strong>, Mac\u00edk comenz\u00f3 la jornada sin complicaciones en el traicionero desierto de Rub&#8217; al-Khali y se puso a la cabeza en el kil\u00f3metro 67, para mantener el liderazgo hasta el final. El l\u00edder de los veh\u00edculos pesados gan\u00f3 por s\u00f3lo 7s de ventaja sobre <strong>Kees Koolen.<\/strong><\/p>\n\n\n\n<p class=\"wp-block-paragraph\"><strong><em>\u00a1Todas las novedades te esperan en el canal de\u00a0<a href=\"https:\/\/www.youtube.com\/@GrandePremioES\" target=\"_blank\" rel=\"noreferrer noopener\">YouTube<\/a>\u00a0de Grande Pr\u00eamio en Espa\u00f1ol!<\/em><\/strong><\/p>\n\n\n\n<figure class=\"wp-block-image size-full\"><img decoding=\"async\" src=\"https:\/\/grandepremio.com\/cdn-cgi\/image\/width=893,height=558,fit=contain,gravity=0.5x0.5,quality=75,format=webp\/es\/wp-content\/uploads\/2025\/01\/image-21.png\" alt=\"\" class=\"wp-image-310976\"\/><figcaption class=\"wp-element-caption\">Kees Koolen fue segundo en la und\u00e9cima etapa del Dakar 2025. (Foto: Dakar)<\/figcaption><\/figure>\n\n\n\n<p class=\"wp-block-paragraph\"><strong><em>\u00a1Seguinos en redes por\u00a0<a href=\"https:\/\/twitter.com\/grandepremioES\" target=\"_blank\" rel=\"noreferrer noopener\">Twitter\u00a0<\/a>e\u00a0<a href=\"https:\/\/www.instagram.com\/grandepremioes\/\" target=\"_blank\" rel=\"noreferrer noopener\">Instagram!<\/a><\/em><\/strong><br><strong><em>Adem\u00e1s, tenemos nuestro\u00a0<a href=\"https:\/\/whatsapp.com\/channel\/0029VaDZ5zb0gcfDxuwxBM05\" target=\"_blank\" rel=\"noreferrer noopener\">canal de Whatsapp<\/a>\u00a0con toda la informaci\u00f3n al instante<\/em><\/strong><\/p>\n\n\n\n<p class=\"wp-block-paragraph\"><strong>Vaidotas Zala <\/strong>se hizo con el tercer puesto, seguido de <strong>Mitchel van den Brink, Ales Loprais, Martin van den Brink, Giulio Verzeletti, Karel Posledni, Maurik van den Heuvel y Pep Sabat\u00e9 <\/strong>en el top-10.<\/p>\n\n\n\n<p class=\"wp-block-paragraph\">En la clasificaci\u00f3n general, Mac\u00edk acumula 57h34m37s y tiene una ventaja de 2h25m sobre Mitchel van den Brink, lo que le garantiza el t\u00edtulo sin demasiado esfuerzo, ya que la \u00faltima etapa del Dakar ser\u00e1 la m\u00e1s corta de la presente edici\u00f3n. Loprais, Koolen y Zala completan los cinco primeros.<\/p>\n\n\n\n<p class=\"wp-block-paragraph\"><strong>El Dakar parte y regresa a Shubaytah para el 12\u00b0 y \u00faltimo especial este viernes. Los competidores se enfrentar\u00e1n a un tramo cronometrado de 61 kil\u00f3metros, as\u00ed como a otros 70 kil\u00f3metros de enlace. GRANDE PR\u00caMIO en Espa\u00f1ol ofrece una cobertura completa de todas las categor\u00edas de la prueba.<\/strong><\/p>\n\n\n\n<p class=\"wp-block-paragraph\"><\/p>\n","protected":false},"excerpt":{"rendered":"<p>Martin Mac\u00edk conquist\u00f3 la pen\u00faltima etapa del Dakar 2025 en camiones, y llega a la definici\u00f3n con m\u00e1s de dos horas de ventaja frente a sus perseguidores en la clasificaci\u00f3n general.<\/p>\n","protected":false},"author":0,"featured_media":1010310975,"comment_status":"closed","ping_status":"closed","sticky":false,"template":"","format":"standard","meta":{"42wp_featured_image_caption":"","42wp_featured_image_credits":"","42wp_featured_video":"","42wp_featured_image_hidden":false,"42wp_authors_list":[],"footnotes":""},"categories":[16],"tags":[319,10121,4767],"42wp_author":[14223],"class_list":["post-9662","post","type-post","status-publish","format-standard","has-post-thumbnail","hentry","category-dakar","tag-dakar","tag-dakar-2025","tag-martin-macik","42wp_author-esteban-nieto"],"_links":{"self":[{"href":"https:\/\/grandepremio.com\/es\/wp-json\/wp\/v2\/posts\/9662","targetHints":{"allow":["GET"]}}],"collection":[{"href":"https:\/\/grandepremio.com\/es\/wp-json\/wp\/v2\/posts"}],"about":[{"href":"https:\/\/grandepremio.com\/es\/wp-json\/wp\/v2\/types\/post"}],"replies":[{"embeddable":true,"href":"https:\/\/grandepremio.com\/es\/wp-json\/wp\/v2\/comments?post=9662"}],"version-history":[{"count":0,"href":"https:\/\/grandepremio.com\/es\/wp-json\/wp\/v2\/posts\/9662\/revisions"}],"wp:featuredmedia":[{"embeddable":true,"href":"https:\/\/grandepremio.com\/es\/wp-json\/wp\/v2\/media\/1010310975"}],"wp:attachment":[{"href":"https:\/\/grandepremio.com\/es\/wp-json\/wp\/v2\/media?parent=9662"}],"wp:term":[{"taxonomy":"category","embeddable":true,"href":"https:\/\/grandepremio.com\/es\/wp-json\/wp\/v2\/categories?post=9662"},{"taxonomy":"post_tag","embeddable":true,"href":"https:\/\/grandepremio.com\/es\/wp-json\/wp\/v2\/tags?post=9662"},{"taxonomy":"42wp_author","embeddable":true,"href":"https:\/\/grandepremio.com\/es\/wp-json\/wp\/v2\/42wp_author?post=9662"}],"curies":[{"name":"wp","href":"https:\/\/api.w.org\/{rel}","templated":true}]}}