{"id":9675,"date":"2025-01-16T08:09:00","date_gmt":"2025-01-16T11:09:00","guid":{"rendered":"https:\/\/grandepremio.com\/es\/2025\/01\/16\/jefe-alpine-admite-briatore-encima-todos-f1-2025\/"},"modified":"2025-01-16T08:17:22","modified_gmt":"2025-01-16T11:17:22","slug":"jefe-alpine-admite-briatore-encima-todos-f1-2025","status":"publish","type":"post","link":"https:\/\/grandepremio.com\/es\/f1\/jefe-alpine-admite-briatore-encima-todos-f1-2025\/","title":{"rendered":"El jefe de Alpine admite que Briatore est\u00e1 &#8220;por encima de todos&#8221; en el equipo de F1"},"content":{"rendered":"\n<p class=\"wp-block-paragraph\"><strong>Alpine<\/strong> dio la gran sorpresa en la <strong>F1 2024<\/strong> de concretar el regreso de <strong>Flavio Briatore<\/strong> a la categor\u00eda en calidad de asesor, luego de haber estado fuera del paddock por el <em>\u201ccrashgate\u201d<\/em> del <strong>GP de Singapur de 2008<\/strong>, cuando hizo chocar a Nelson Piquet Jr para que ganara <strong>Fernando Alonso<\/strong>, cuando era el jefe de Renault. Adem\u00e1s, se fue <strong>Bruno Famin<\/strong> y lleg\u00f3 <strong>Oliver Oakes<\/strong> como jefe de equipo.<\/p>\n\n\n\n<p class=\"wp-block-paragraph\">\ud83d\udfe5&nbsp;<em><strong>\u00a1Todas las novedades te esperan en el canal de&nbsp;<\/strong><\/em><a href=\"https:\/\/www.youtube.com\/@GrandePremioES\"><em>YouTube<\/em><\/a><em><strong>&nbsp;de Grande Pr\u00eamio en Espa\u00f1ol!<\/strong><\/em>&nbsp;\ud83d\udfe8<\/p>\n\n\n\n<p class=\"wp-block-paragraph\">Y fue justamente Oakes el que explic\u00f3 en una entrevista con<em> PlanetF1 <\/em>que el empreasario italiano, responsale de la firma reciente de <strong>Franco Colapinto<\/strong> como piloto de reserva del equipo franc\u00e9s, que est\u00e1 por encima de todos en la estructura, aunque se\u00f1al\u00f3 esto no afecta al organigrama interno.<\/p>\n\n\n\n<p class=\"wp-block-paragraph\"><strong>\u201cFlavio est\u00e1 por encima de todos. Ha estado ah\u00ed y lo ha hecho muchas veces, y creo que la alineaci\u00f3n entre Luca, Flavio y yo es muy clara. Estamos juntos en todo, no hay organigrama ni juego de poder, es realmente transparente, y creo que probablemente eso tambi\u00e9n era algo que faltaba antes. En mi caso, soy el hombre en el campo, en la f\u00e1brica y en la pista\u201d<\/strong>, describi\u00f3 Oakes.<\/p>\n\n\n\n<p class=\"wp-block-paragraph\"><strong>\u201cCreo que puedes ver que Flavio tambi\u00e9n est\u00e1 en la mayor\u00eda de las carreras y en Enstone algunos d\u00edas a la semana tambi\u00e9n. Creo que si nos fijamos en los equipos de F1 que han tenido \u00e9xito a lo largo de los a\u00f1os, hab\u00eda un liderazgo muy fuerte y siempre estaban alineados\u201d<\/strong>, explic\u00f3 el ex jefe de Hitech en la F2.<\/p>\n\n\n\n<figure class=\"wp-block-embed is-type-video is-provider-youtube wp-block-embed-youtube wp-embed-aspect-16-9 wp-has-aspect-ratio\"><div class=\"wp-block-embed__wrapper\">\n<iframe loading=\"lazy\" title=\"\u00bfQU\u00c9 SUCEDER\u00c1 CON COLAPINTO TRAS SU FICHAJE POR ALPINE EN F1 2025?\" width=\"500\" height=\"281\" src=\"https:\/\/www.youtube.com\/embed\/N3zYG8qGcWI?feature=oembed\" frameborder=\"0\" allow=\"accelerometer; autoplay; clipboard-write; encrypted-media; gyroscope; picture-in-picture; web-share\" referrerpolicy=\"strict-origin-when-cross-origin\" allowfullscreen><\/iframe>\n<\/div><\/figure>\n\n\n\n<p class=\"wp-block-paragraph\">Oakes se preocup\u00f3 por dejar claro que tiene una buena relaci\u00f3n con el CEO, <strong>Luca de Meo<\/strong>, y que ellos y Briatore buscan lo mejor para Alpine: <strong>\u201cNuestra estructura no es diferente a la de otros equipos de la parrilla. Aqu\u00ed somos tres: Luca como CEO, Flavio como consejero ejecutivo y yo como jefe de equipo. No creo que las posiciones signifiquen mucho. Lo que importa es si los tres estamos alineados en la direcci\u00f3n en la que vamos. Ha estado dos veces en este equipo y las dos veces ha conseguido darle la vuelta a la situaci\u00f3n. Creo que esa experiencia, esa pasi\u00f3n que tiene, es contagiosa. Creo que, obviamente, la F1 ha cambiado mucho a lo largo de los a\u00f1os, pero lo b\u00e1sico sigue siendo lo mismo\u201d.<\/strong><\/p>\n\n\n\n<p class=\"wp-block-paragraph\">Por \u00faltimo, el jefe del equipo franc\u00e9s consider\u00f3 que Flavio es un gran apoyo para todos los empleados por su experiencia en la F1 y que todos tiran al mismo lado: <strong>\u201cCreo que tenerle conmigo ayuda a apoyarlo, porque es un gran trabajo. Son unas 900 personas y 24 carreras. No es cosa de una sola persona, y tambi\u00e9n tenemos a David [S\u00e1nchez] como director t\u00e9cnico, que se incorpor\u00f3 justo antes que yo. Tambi\u00e9n anunciamos a Dave Greenwood. No creo que seamos s\u00f3lo yo, Flavio y Luca. Tambi\u00e9n hay dos o tres por debajo de m\u00ed que forman parte de este grupo de liderazgo. Eso es exactamente lo que hace falta para tener un equipo fuerte\u201d.<\/strong><\/p>\n\n\n\n<p class=\"wp-block-paragraph\">\u23e9&nbsp;<em><strong>\u00a1Seguinos en redes por&nbsp;<\/strong><\/em><a href=\"https:\/\/twitter.com\/grandepremioES\"><em>Twitter&nbsp;<\/em><\/a><em><strong>e&nbsp;<\/strong><\/em><a href=\"https:\/\/www.instagram.com\/grandepremioes\/\"><em>Instagram!<\/em><\/a><br>\u23e9&nbsp;<em><strong>Adem\u00e1s, tenemos nuestro&nbsp;<\/strong><\/em><a href=\"https:\/\/whatsapp.com\/channel\/0029VaDZ5zb0gcfDxuwxBM05\"><em>canal de Whatsapp<\/em><\/a><em><strong>&nbsp;con toda la informaci\u00f3n al instante<\/strong><\/em>&nbsp;\ud83c\udfc1<\/p>\n\n\n\n<p class=\"wp-block-paragraph\">La F\u00f3rmula 1 volver\u00e1 para las pruebas de pretemporada, previstas en Bahr\u00e9in entre el 26 y el 28 de febrero. La temporada 2025 comienza con el Gran Premio de Australia, del 14 al 16 de marzo.<\/p>\n","protected":false},"excerpt":{"rendered":"<p>Oliver Oakes, jefe de Alpine desde la marcha de Bruno Famin en agosto de 2024, detall\u00f3 c\u00f3mo funciona la jerarqu\u00eda del equipo desde el regreso de Flavio Briatore como asesor en la F\u00f3rmula 1. <\/p>\n","protected":false},"author":0,"featured_media":1010310851,"comment_status":"closed","ping_status":"closed","sticky":false,"template":"","format":"standard","meta":{"42wp_featured_image_caption":"","42wp_featured_image_credits":"","42wp_featured_video":"","42wp_featured_image_hidden":false,"42wp_authors_list":[],"footnotes":""},"categories":[5],"tags":[678,2233,181,2249,184,2326,179,814,8806,683,10593],"42wp_author":[14237],"class_list":["post-9675","post","type-post","status-publish","format-standard","has-post-thumbnail","hentry","category-f1","tag-alpine","tag-bruno-famin","tag-f1","tag-f1-2024","tag-fernando-alonso","tag-flavio-briatore","tag-formula-1","tag-franco-colapinto","tag-gp-de-singapur-2008","tag-luca-de-meo","tag-oliver-oakes","42wp_author-gabriel-garcia"],"_links":{"self":[{"href":"https:\/\/grandepremio.com\/es\/wp-json\/wp\/v2\/posts\/9675","targetHints":{"allow":["GET"]}}],"collection":[{"href":"https:\/\/grandepremio.com\/es\/wp-json\/wp\/v2\/posts"}],"about":[{"href":"https:\/\/grandepremio.com\/es\/wp-json\/wp\/v2\/types\/post"}],"replies":[{"embeddable":true,"href":"https:\/\/grandepremio.com\/es\/wp-json\/wp\/v2\/comments?post=9675"}],"version-history":[{"count":0,"href":"https:\/\/grandepremio.com\/es\/wp-json\/wp\/v2\/posts\/9675\/revisions"}],"wp:featuredmedia":[{"embeddable":true,"href":"https:\/\/grandepremio.com\/es\/wp-json\/wp\/v2\/media\/1010310851"}],"wp:attachment":[{"href":"https:\/\/grandepremio.com\/es\/wp-json\/wp\/v2\/media?parent=9675"}],"wp:term":[{"taxonomy":"category","embeddable":true,"href":"https:\/\/grandepremio.com\/es\/wp-json\/wp\/v2\/categories?post=9675"},{"taxonomy":"post_tag","embeddable":true,"href":"https:\/\/grandepremio.com\/es\/wp-json\/wp\/v2\/tags?post=9675"},{"taxonomy":"42wp_author","embeddable":true,"href":"https:\/\/grandepremio.com\/es\/wp-json\/wp\/v2\/42wp_author?post=9675"}],"curies":[{"name":"wp","href":"https:\/\/api.w.org\/{rel}","templated":true}]}}