{"id":9677,"date":"2025-01-15T16:31:43","date_gmt":"2025-01-15T19:31:43","guid":{"rendered":"https:\/\/grandepremio.com\/es\/2025\/01\/15\/red-bull-cierra-puerta-mclaren-mantiene-nuevo-jefe-equipo-2025\/"},"modified":"2025-01-15T16:31:47","modified_gmt":"2025-01-15T19:31:47","slug":"red-bull-cierra-puerta-mclaren-mantiene-nuevo-jefe-equipo-2025","status":"publish","type":"post","link":"https:\/\/grandepremio.com\/es\/f1\/red-bull-cierra-puerta-mclaren-mantiene-nuevo-jefe-equipo-2025\/","title":{"rendered":"Red Bull cierra la puerta a McLaren y mantiene a su nuevo jefe de equipo durante todo 2025"},"content":{"rendered":"\n<p class=\"wp-block-paragraph\">La <strong>F1 2025<\/strong> no ha comenzado, pero hay much\u00edsimo movimiento en los equipos. Y es que, tras conocerse<a href=\"https:\/\/grandepremio.com\/es\/f1\/sauber-jonathan-wheatley-acuerdo-salida-red-bull-f1-2025\/\" target=\"_blank\" rel=\"noreferrer noopener\"> la salida de <strong>Jonathan Wheatley<\/strong> a <strong>Sauber<\/strong> de manera anticipada<\/a>, cortando as\u00ed el famoso per\u00edodo de <strong>\u201cgardening\u201d<\/strong>, en el que debe esperar para trabajar con otro equipo, <strong>Red Bull<\/strong> le impidi\u00f3 a <strong>Will Courtenay<\/strong> su marcha a <strong>McLaren<\/strong> y tendr\u00e1 que aguardar a concluir su contrato.<\/p>\n\n\n\n<p class=\"wp-block-paragraph\">\ud83d\udfe5&nbsp;<em><strong>\u00a1Todas las novedades te esperan en el canal de&nbsp;<\/strong><\/em><a href=\"https:\/\/www.youtube.com\/@GrandePremioES\"><em>YouTube<\/em><\/a><em><strong>&nbsp;de Grande Pr\u00eamio en Espa\u00f1ol!<\/strong><\/em>&nbsp;\ud83d\udfe8<\/p>\n\n\n\n<p class=\"wp-block-paragraph\">De acuerdo con The Race, Courtenay no podr\u00e1 asumir como director deportivo de McLaren porque tiene v\u00ednculo hasta mediados del 2026, con lo que el equipo de <strong>Zak Brown<\/strong> tendr\u00e1 que buscar la manera de cortar el contrato de su futuro empleado, o no. La direcci\u00f3n de la escuder\u00eda de bebidas energizantes ha decidido que Courtnenay siga en su puesto como jefe de estrategia, junto con <strong>Hannah Schmitz<\/strong>, quien asumir\u00e1 totalmente la jefatura de esa divisi\u00f3n cuando se marche Will a Woking.<\/p>\n\n\n\n<p class=\"wp-block-paragraph\">No se espera, sin embargo, que McLaren fuerze una disputa con Red Bull por el contrato de Courtnenay, en el medio de la disputa dial\u00e9ctica y en pista por el t\u00edtulo de Constructores en la <strong>F\u00f3rmula 1<\/strong>. A su salida, Will le responder\u00e1 al director de carreras, Radeep Singh y al CEO Zak Brown. <strong>Andrea Stella<\/strong> seguir\u00e1 como jefe de equipo.<\/p>\n\n\n\n<figure class=\"wp-block-embed is-type-video is-provider-youtube wp-block-embed-youtube wp-embed-aspect-16-9 wp-has-aspect-ratio\"><div class=\"wp-block-embed__wrapper\">\n<iframe loading=\"lazy\" title=\"\u00bfQU\u00c9 SUCEDER\u00c1 CON COLAPINTO TRAS SU FICHAJE POR ALPINE EN F1 2025?\" width=\"500\" height=\"281\" src=\"https:\/\/www.youtube.com\/embed\/N3zYG8qGcWI?feature=oembed\" frameborder=\"0\" allow=\"accelerometer; autoplay; clipboard-write; encrypted-media; gyroscope; picture-in-picture; web-share\" referrerpolicy=\"strict-origin-when-cross-origin\" allowfullscreen><\/iframe>\n<\/div><\/figure>\n\n\n\n<p class=\"wp-block-paragraph\">Tras esta decisi\u00f3n de <strong>Christian Horner<\/strong> y la plana mayor del equipo austr\u00edaco, la situaci\u00f3n es que Courtnenay siga trabajando hasta que cambien de pensamiento y le permitan un per\u00edodo de gracia antes de unirse a McLaren, no sin ser apartado del d\u00eda a d\u00eda del equipo. Despu\u00e9s de todo, el ingeniero est\u00e1 bajo contrato, a menos que sea liberado del mismo.<\/p>\n\n\n\n<p class=\"wp-block-paragraph\">Con Jonathan Wheatley, la decisi\u00f3n fue otra, puesto que acortaron su per\u00edodo de <strong>\u201cgardening\u201d <\/strong>al 1\u00b0 de abril del a\u00f1o pasado y su espera ha terminado para que pueda asumir como jefe de equipo de Sauber, que ser\u00e1 <strong>Audi<\/strong> en 2026. Sin embargo, a pesar del acuerdo publicado en agosto, Red Bull cumpli\u00f3 en diciembre con los t\u00e9rminos de la desvinculaci\u00f3n de su ex director deportivo.<\/p>\n\n\n\n<p class=\"wp-block-paragraph\">\u23e9&nbsp;<em><strong>\u00a1Seguinos en redes por&nbsp;<\/strong><\/em><a href=\"https:\/\/twitter.com\/grandepremioES\"><em>Twitter&nbsp;<\/em><\/a><em><strong>e&nbsp;<\/strong><\/em><a href=\"https:\/\/www.instagram.com\/grandepremioes\/\"><em>Instagram!<\/em><\/a><br>\u23e9&nbsp;<em><strong>Adem\u00e1s, tenemos nuestro&nbsp;<\/strong><\/em><a href=\"https:\/\/whatsapp.com\/channel\/0029VaDZ5zb0gcfDxuwxBM05\"><em>canal de Whatsapp<\/em><\/a><em><strong>&nbsp;con toda la informaci\u00f3n al instante<\/strong><\/em>&nbsp;\ud83c\udfc1<\/p>\n\n\n\n<p class=\"wp-block-paragraph\">La F\u00f3rmula 1 volver\u00e1 para las pruebas de pretemporada, previstas en Bahr\u00e9in entre el 26 y el 28 de febrero. La temporada 2025 comienza con el Gran Premio de Australia, del 14 al 16 de marzo.<\/p>\n","protected":false},"excerpt":{"rendered":"<p>Al contrario que con Jonathan Wheatley, Red Bull decidi\u00f3 no dejar marchar a Will Courtenay al equipo McLaren, que deber\u00e1 esperar hasta la finalizaci\u00f3n de su contrato con el equipo austr\u00edaco en 2026.<\/p>\n","protected":false},"author":0,"featured_media":1010310839,"comment_status":"closed","ping_status":"closed","sticky":false,"template":"","format":"standard","meta":{"42wp_featured_image_caption":"","42wp_featured_image_credits":"","42wp_featured_video":"","42wp_featured_image_hidden":false,"42wp_authors_list":[],"footnotes":""},"categories":[5],"tags":[4497,612,1336,1710,179,3313,2173,269,206,497,10874,328],"42wp_author":[14237],"class_list":["post-9677","post","type-post","status-publish","format-standard","has-post-thumbnail","hentry","category-f1","tag-andrea-stella","tag-audi","tag-christian-horner","tag-f1-2025","tag-formula-1","tag-hannah-schmitz","tag-jonathan-wheatley","tag-mclaren","tag-red-bull","tag-sauber","tag-will-courtenay","tag-zak-brown","42wp_author-gabriel-garcia"],"_links":{"self":[{"href":"https:\/\/grandepremio.com\/es\/wp-json\/wp\/v2\/posts\/9677","targetHints":{"allow":["GET"]}}],"collection":[{"href":"https:\/\/grandepremio.com\/es\/wp-json\/wp\/v2\/posts"}],"about":[{"href":"https:\/\/grandepremio.com\/es\/wp-json\/wp\/v2\/types\/post"}],"replies":[{"embeddable":true,"href":"https:\/\/grandepremio.com\/es\/wp-json\/wp\/v2\/comments?post=9677"}],"version-history":[{"count":0,"href":"https:\/\/grandepremio.com\/es\/wp-json\/wp\/v2\/posts\/9677\/revisions"}],"wp:featuredmedia":[{"embeddable":true,"href":"https:\/\/grandepremio.com\/es\/wp-json\/wp\/v2\/media\/1010310839"}],"wp:attachment":[{"href":"https:\/\/grandepremio.com\/es\/wp-json\/wp\/v2\/media?parent=9677"}],"wp:term":[{"taxonomy":"category","embeddable":true,"href":"https:\/\/grandepremio.com\/es\/wp-json\/wp\/v2\/categories?post=9677"},{"taxonomy":"post_tag","embeddable":true,"href":"https:\/\/grandepremio.com\/es\/wp-json\/wp\/v2\/tags?post=9677"},{"taxonomy":"42wp_author","embeddable":true,"href":"https:\/\/grandepremio.com\/es\/wp-json\/wp\/v2\/42wp_author?post=9677"}],"curies":[{"name":"wp","href":"https:\/\/api.w.org\/{rel}","templated":true}]}}