{"id":9679,"date":"2025-01-15T15:05:13","date_gmt":"2025-01-15T18:05:13","guid":{"rendered":"https:\/\/grandepremio.com\/es\/2025\/01\/15\/loprais-repite-victoria-10a-etapa-dakar-2025-camiones\/"},"modified":"2025-01-15T15:05:17","modified_gmt":"2025-01-15T18:05:17","slug":"loprais-repite-victoria-10a-etapa-dakar-2025-camiones","status":"publish","type":"post","link":"https:\/\/grandepremio.com\/es\/dakar\/loprais-repite-victoria-10a-etapa-dakar-2025-camiones\/","title":{"rendered":"Loprais bate a Van den Brink y repite victoria en la 10\u00aa etapa del Dakar 2025 en camiones"},"content":{"rendered":"\n<p class=\"wp-block-paragraph\">El <strong>Dakar 2025<\/strong> lleg\u00f3 a la d\u00e9cima etapa de la carrera en <strong>Arabia Saudita<\/strong> y los camiones llegaron a <strong>Shubaytah<\/strong> tras 640 kil\u00f3metros desde <strong>Haradh<\/strong>, que solo tuvo 120 kil\u00f3metros cronometrados para los competidores, donde parece que nadie puede batir a <strong>Martin Macik<\/strong>, que lleva m\u00e1s de dos horas en la general.<\/p>\n\n\n\n<p class=\"wp-block-paragraph\">\ud83d\udfe5\u00a0<em><strong>\u00a1Todas las novedades te esperan en el canal de\u00a0<\/strong><\/em><a href=\"https:\/\/www.youtube.com\/@GrandePremioES\"><em>YouTube<\/em><\/a><em><strong>\u00a0de Grande Pr\u00eamio en Espa\u00f1ol!<\/strong><\/em>\u00a0\ud83d\udfe8<\/p>\n\n\n\n<p class=\"wp-block-paragraph\"><strong>Ales Loprais<\/strong> repiti\u00f3 la victoria de la jornada de ayer, y super\u00f3 por 48 segundos a <strong>Mitchel Van der Brink<\/strong>, despu\u00e9s de haber completado el recorrido en 2h23m29s, en tanto que Macik finaliz\u00f3 a 2m23s del checo. <strong>Martin Soltys<\/strong> y <strong>Teruhito Sugawara<\/strong> completaron los cinco mejores del tramo del mi\u00e9rcoles.<\/p>\n\n\n\n<p class=\"wp-block-paragraph\">Macik sigue al comando de la general con 52h39m23s y le lleva 2h22min07s a Van der Brink, que pas\u00f3 a ser su escolta tras el d\u00e9cimo tramo de la carrera. Luego de haber ganado hoy, Loprais es tercero, a solo cuatro minutos del neerland\u00e9s, con dos tramos para final la presente edici\u00f3n del Dakar.<\/p>\n\n\n\n<figure class=\"wp-block-embed is-type-video is-provider-youtube wp-block-embed-youtube wp-embed-aspect-16-9 wp-has-aspect-ratio\"><div class=\"wp-block-embed__wrapper\">\n<iframe loading=\"lazy\" title=\"\u00bfQU\u00c9 SUCEDER\u00c1 CON COLAPINTO TRAS SU FICHAJE POR ALPINE EN F1 2025?\" width=\"500\" height=\"281\" src=\"https:\/\/www.youtube.com\/embed\/N3zYG8qGcWI?feature=oembed\" frameborder=\"0\" allow=\"accelerometer; autoplay; clipboard-write; encrypted-media; gyroscope; picture-in-picture; web-share\" referrerpolicy=\"strict-origin-when-cross-origin\" allowfullscreen><\/iframe>\n<\/div><\/figure>\n\n\n\n<p class=\"wp-block-paragraph\">Soltys es cuarto, a m\u00e1s de cinco horas de Macik, seguido por <strong>Kes Koolen<\/strong> en quinta posici\u00f3n. Luego de haber sido protagonista en la primera semana, <strong>Vaidotas Zala<\/strong> se ubica sexto, seguido de Martin Van der Brink, Richard De Groot, Anja Van loon y Sugawara completando los diez mejores colocados del tiempo acumulado.<\/p>\n\n\n\n<p class=\"wp-block-paragraph\">\u23e9&nbsp;<em><strong>\u00a1Seguinos en redes por&nbsp;<\/strong><\/em><a href=\"https:\/\/twitter.com\/grandepremioES\"><em>Twitter&nbsp;<\/em><\/a><em><strong>e&nbsp;<\/strong><\/em><a href=\"https:\/\/www.instagram.com\/grandepremioes\/\"><em>Instagram!<\/em><\/a><br>\u23e9&nbsp;<em><strong>Adem\u00e1s, tenemos nuestro&nbsp;<\/strong><\/em><a href=\"https:\/\/whatsapp.com\/channel\/0029VaDZ5zb0gcfDxuwxBM05\"><em>canal de Whatsapp<\/em><\/a><em><strong>&nbsp;con toda la informaci\u00f3n al instante<\/strong><\/em>&nbsp;\ud83c\udfc1<br><br>El Dakar 2025 contin\u00faa ma\u00f1ana con la pen\u00faltima etapa de la edici\u00f3n. Ser\u00e1 un tramo cronometrado de 280 kil\u00f3metros en Shubaytah, localidad situada en el desierto del Empty Quarter. La llegada est\u00e1 prevista para el viernes, en el mismo lugar.<\/p>\n\n\n\n<h2 class=\"wp-block-heading\" id=\"h-dakar-2025-caminhoes-classificacao-geral-apos-10\u00aa-etapa\"><strong>Dakar 2025, Caminiones, General tras 10 etapas:<\/strong><\/h2>\n\n\n\n<figure class=\"wp-block-table\"><table class=\"has-fixed-layout\"><tbody><tr><td>POS<\/td><td>PILOTOS<\/td><td>EQUIPO<\/td><td>TIEMPO<\/td><td>DIF<\/td><\/tr><tr><td><strong>1<\/strong><\/td><td><strong>M MAC\u00cdK<br>F TOMASEK<br>D SVANDA<\/strong><\/td><td><strong>MM Technology Team<\/strong><\/td><td><strong>52:39:23<\/strong><\/td><td><\/td><\/tr><tr><td><strong>2<\/strong><\/td><td><strong>MITCHEL VAN DEN BRINK<br>M TORRALLARDONA<br>J VAN DE POL<\/strong><\/td><td><strong>Eurol Rallysport<\/strong><\/td><td><br><strong>55:01: 30<\/strong><\/td><td>+02h22:07<\/td><\/tr><tr><td><strong>3<\/strong><\/td><td><strong>A LOPRAIS<br>D KRIPAL<br>D RODEWALD<\/strong><\/td><td><strong>Instatrade Loprais<\/strong><\/td><td><strong><br>55:05:38<\/strong><\/td><td>+02:26:15<\/td><\/tr><tr><td><strong>4<\/strong><\/td><td><strong>M SOLTYS<br>V MIKSCH<\/strong><br><strong>T SIKOLA<\/strong><\/td><td><strong>Tatra Buggyra ZM<\/strong><\/td><td><strong>57:56:28<\/strong><\/td><td>+05:17:05<\/td><\/tr><tr><td><strong>5<\/strong><\/td><td><strong>K KOOLEN<br>W DE GRAAF<br>D KOZLOVSKY<\/strong><\/td><td><strong>MM Technology Team<\/strong><\/td><td><strong>58:48: 02<\/strong><\/td><td>+06:08:39<\/td><\/tr><tr><td><strong>6<\/strong><\/td><td><strong>V ZALA<br>P FIUZA<br>M VAN GROL<\/strong><\/td><td><strong>Skuba Team De Rooy<\/strong><\/td><td><strong>59:56:19<\/strong><\/td><td>+07:16:56<\/td><\/tr><tr><td><strong>7<\/strong><\/td><td><strong>MARTIN VAN DEN BRINK<br>B VAN HEUN<br>R MOUW<\/strong><\/td><td>Eurol Rallysport<\/td><td><strong>60:09:26<\/strong><\/td><td>+07:30:03<\/td><\/tr><tr><td><strong>8<\/strong><\/td><td><strong>R DE GROOT<br>J DER VAET<br>J HULSEBOSCH<\/strong><\/td><td><strong>Firemen Dakar<\/strong><\/td><td><strong>61:25:46<\/strong><\/td><td>+08:46:23<\/td><\/tr><tr><td><strong>9<\/strong><\/td><td><strong>A VAN LOON<br>B VAN DE LAAR<br>J VAN DE LAAR<\/strong><\/td><td><strong>Van de Laar Racing<\/strong><\/td><td><strong>63:29:30<\/strong><\/td><td>+10:50:07<\/td><\/tr><tr><td><strong>10<\/strong><\/td><td><strong>T SUGAWARA<br>H SOMEMIYA<br>Y MOCHIZUKI<\/strong><\/td><td><strong>Hino Team Sugawara<\/strong><\/td><td><strong>64:47:32<\/strong><\/td><td>+12:08:09<\/td><\/tr><\/tbody><\/table><\/figure>\n","protected":false},"excerpt":{"rendered":"<p>Con un estrecho margen sobre Mitchel Van den Brink, Ales Loprais volvi\u00f3 a ganar en el Dakar 2025 durante la d\u00e9cima especial disputada este mi\u00e9rcoles, mientras que Martin Macik mantiene una amplia ventaja en la general de los camiones.<\/p>\n","protected":false},"author":0,"featured_media":1010310825,"comment_status":"closed","ping_status":"closed","sticky":false,"template":"","format":"standard","meta":{"42wp_featured_image_caption":"","42wp_featured_image_credits":"","42wp_featured_video":"","42wp_featured_image_hidden":false,"42wp_authors_list":[],"footnotes":""},"categories":[16],"tags":[4788,1297,10121,11484,11516,5064,11514,11392,9739,11515,11411],"42wp_author":[14237],"class_list":["post-9679","post","type-post","status-publish","format-standard","has-post-thumbnail","hentry","category-dakar","tag-ales-loprais","tag-arabia-saudita","tag-dakar-2025","tag-haradh","tag-kes-koolen","tag-martin-macik-2","tag-martin-soltys","tag-mitchel-van-der-brink","tag-shubaytah","tag-teruhito-sugawara","tag-vaidotas-zala","42wp_author-gabriel-garcia"],"_links":{"self":[{"href":"https:\/\/grandepremio.com\/es\/wp-json\/wp\/v2\/posts\/9679","targetHints":{"allow":["GET"]}}],"collection":[{"href":"https:\/\/grandepremio.com\/es\/wp-json\/wp\/v2\/posts"}],"about":[{"href":"https:\/\/grandepremio.com\/es\/wp-json\/wp\/v2\/types\/post"}],"replies":[{"embeddable":true,"href":"https:\/\/grandepremio.com\/es\/wp-json\/wp\/v2\/comments?post=9679"}],"version-history":[{"count":0,"href":"https:\/\/grandepremio.com\/es\/wp-json\/wp\/v2\/posts\/9679\/revisions"}],"wp:featuredmedia":[{"embeddable":true,"href":"https:\/\/grandepremio.com\/es\/wp-json\/wp\/v2\/media\/1010310825"}],"wp:attachment":[{"href":"https:\/\/grandepremio.com\/es\/wp-json\/wp\/v2\/media?parent=9679"}],"wp:term":[{"taxonomy":"category","embeddable":true,"href":"https:\/\/grandepremio.com\/es\/wp-json\/wp\/v2\/categories?post=9679"},{"taxonomy":"post_tag","embeddable":true,"href":"https:\/\/grandepremio.com\/es\/wp-json\/wp\/v2\/tags?post=9679"},{"taxonomy":"42wp_author","embeddable":true,"href":"https:\/\/grandepremio.com\/es\/wp-json\/wp\/v2\/42wp_author?post=9679"}],"curies":[{"name":"wp","href":"https:\/\/api.w.org\/{rel}","templated":true}]}}