{"id":9692,"date":"2025-01-15T08:14:04","date_gmt":"2025-01-15T11:14:04","guid":{"rendered":"https:\/\/grandepremio.com\/es\/2025\/01\/15\/sauber-salida-jefe-de-equipo-alessandro-alunni-bravi-formula-1-2025\/"},"modified":"2025-01-15T08:37:37","modified_gmt":"2025-01-15T11:37:37","slug":"sauber-salida-jefe-de-equipo-alessandro-alunni-bravi-formula-1-2025","status":"publish","type":"post","link":"https:\/\/grandepremio.com\/es\/f1\/sauber-salida-jefe-de-equipo-alessandro-alunni-bravi-formula-1-2025\/","title":{"rendered":"Sauber sorprende y despide a Alunni Bravi como jefe de equipo en F1 tras dos a\u00f1os"},"content":{"rendered":"\n<p class=\"wp-block-paragraph\">A poco m\u00e1s de un mes del inicio de los test de pretemporada de 2025, <strong>Sauber <\/strong>dio la sorpresa en la ma\u00f1ana del mi\u00e9rcoles y anunci\u00f3 la salida del director del equipo, <strong>Alessandro Alunni Bravi,<\/strong> tras dos temporadas al frente de la escuder\u00eda. <\/p>\n\n\n\n<p class=\"wp-block-paragraph\">\ud83d\udfe5&nbsp;<em><strong>\u00a1Todas las novedades te esperan en el canal de&nbsp;<\/strong><\/em><a href=\"https:\/\/www.youtube.com\/@GrandePremioES\"><em>YouTube<\/em><\/a><em><strong>&nbsp;de Grande Pr\u00eamio en Espa\u00f1ol!<\/strong><\/em>&nbsp;\ud83d\udfe8<\/p>\n\n\n\n<p class=\"wp-block-paragraph\">El italiano desempe\u00f1aba otras funciones en la escuder\u00eda suiza desde 2017 y tom\u00f3 el cargo central en pista en 2023 ante la salida de <strong>Fr\u00e9d\u00e9ric Vasseur<\/strong>, que recal\u00f3 en <strong>Ferrari<\/strong>. Para entonces, <strong>Audi <\/strong>ya hab\u00eda acordado comprar la empresa gradualmente y hacerse con el control total del equipo en 2026.<\/p>\n\n\n\n<p class=\"wp-block-paragraph\">Pero las cosas han cambiado m\u00e1s r\u00e1pido de lo imaginado. <strong>Audi <\/strong>sigui\u00f3 adelante con el proceso de compra, se qued\u00f3 con el 100% de Sauber en 2023 y empez\u00f3 a tomar decisiones estructurales para el futuro. Y no sin confusiones, como el enfrentamiento entre el entonces presidente del consejo de administraci\u00f3n de la marca alemana, <strong>Oliver Hoffmann<\/strong>, y <strong>Andreas Seidl,<\/strong> director general del proyecto de <strong>F1<\/strong>. El desacuerdo provoc\u00f3 el despido de ambos.<\/p>\n\n\n\n<p class=\"wp-block-paragraph\">Posteriormente, <strong>Audi <\/strong>decidi\u00f3 que <strong>Mattia Binotto<\/strong> era el nombre adecuado para dirigir el proyecto y el periodo de transici\u00f3n a trav\u00e9s de <strong>Sauber<\/strong>. El exjefe de <strong>Ferrari <\/strong>ya estuvo al frente de la b\u00fasqueda de un piloto que acab\u00f3 con el fichaje de <strong>Gabriel Bortoleto<\/strong> para 2025. Aunque a\u00fan no se ha hecho oficial, es probable que Binotto tome las riendas ante la salida de <strong>Alunni Bravi.<\/strong><\/p>\n\n\n\n<p class=\"wp-block-paragraph\">El proceso de salida del italiano era obvio, sobre todo porque bajo su mando el equipo estuvo m\u00e1s de un a\u00f1o sin sumar puntos.<\/p>\n\n\n\n<p class=\"wp-block-paragraph\">\u23e9\u00a0<em><strong>\u00a1Seguinos en redes por\u00a0<\/strong><\/em><a href=\"https:\/\/twitter.com\/grandepremioES\"><em>Twitter\u00a0<\/em><\/a><em><strong>e\u00a0<\/strong><\/em><a href=\"https:\/\/www.instagram.com\/grandepremioes\/\"><em>Instagram!<\/em><\/a><br>\u23e9\u00a0<em><strong>Adem\u00e1s, tenemos nuestro\u00a0<\/strong><\/em><a href=\"https:\/\/whatsapp.com\/channel\/0029VaDZ5zb0gcfDxuwxBM05\"><em>canal de Whatsapp<\/em><\/a><em><strong>\u00a0con toda la informaci\u00f3n al instante<\/strong><\/em>\u00a0\ud83c\udfc1<\/p>\n\n\n\n<figure class=\"wp-block-image size-full\"><img decoding=\"async\" src=\"https:\/\/grandepremio.com\/es\/wp-content\/uploads\/..\/gp_br_uploads\/2024\/12\/Gabriel-Bortoleto-indo-para-a-pista-com-a-Sauber-em-Abu-Dhabi-Foto-Reproducao-scaled.jpg\" alt=\"\" class=\"wp-image-306577\"\/><figcaption class=\"wp-element-caption\">Sauber sum\u00f3 sus primeros puntos en F1 2024 en el GP de Qatar (Foto: SoyMotor \/ Reproducci\u00f3n)<\/figcaption><\/figure>\n\n\n\n<p class=\"wp-block-paragraph\">\u00abDespu\u00e9s de haber trabajado estrechamente con \u00e9l en los meses transcurridos desde mi llegada a <strong>Hinwil<\/strong>, quiero agradecer a Alessandro, un verdadero jugador de equipo que personific\u00f3 la esencia de <strong>Sauber <\/strong>a lo largo de los a\u00f1os\u00bb, dijo Binotto.<\/p>\n\n\n\n<p class=\"wp-block-paragraph\">\u00abAlessandro desempe\u00f1\u00f3 muchos papeles en el equipo, lider\u00e1ndolo en tiempos dif\u00edciles y emocionantes. Ahora que se embarca en una nueva aventura, todos queremos agradecerle su energ\u00eda y contribuci\u00f3n a lo largo de los a\u00f1os, y le deseamos lo mejor para el futuro\u00bb, concluy\u00f3.<\/p>\n\n\n\n<p class=\"wp-block-paragraph\">\u00abEs un momento emotivo poner fin a mi viaje con <strong>Sauber<\/strong>. Desde que me un\u00ed al equipo en 2017, lo he visto crecer y cambiar m\u00e1s all\u00e1 de lo que nadie hubiera imaginado\u00bb, declar\u00f3 Alunni Bravi.<\/p>\n\n\n\n<figure class=\"wp-block-image size-large\"><img decoding=\"async\" src=\"https:\/\/grandepremio.com\/es\/wp-content\/uploads\/2025\/01\/estados-unidos-2024-f1-quinta-feira-mattia-binotto-afp-01-1200x800-1-1024x683.jpg\" alt=\"\" class=\"wp-image-310761\"\/><figcaption class=\"wp-element-caption\">Mattia Binotto es el director del proyecto de Audi en F1 (Foto: AFP)<\/figcaption><\/figure>\n\n\n\n<p class=\"wp-block-paragraph\">\u00abLa organizaci\u00f3n ha pasado por momentos altos y bajos, todo ello sin perder nunca su esp\u00edritu y compromiso, algo que encuentro inspirador. Me sent\u00ed orgulloso de ser la cara p\u00fablica del equipo durante los dos \u00faltimos a\u00f1os\u00bb, prosigui\u00f3.<\/p>\n\n\n\n<p class=\"wp-block-paragraph\">\u00abAunque paso a un nuevo proyecto, quiero dar las gracias a <strong>Finn Rausing<\/strong> [antiguo propietario de <strong>Sauber<\/strong>], a todos los que han depositado tanta confianza y fe en m\u00ed, y a todos los compa\u00f1eros con los que he trabajado en los \u00faltimos ocho a\u00f1os. Este equipo es una familia y tiene un brillante futuro por delante\u00bb, concluy\u00f3.<\/p>\n\n\n\n<p class=\"wp-block-paragraph\">La&nbsp;<strong><a href=\"https:\/\/es.grandepremio.com\/f1\/\" target=\"_blank\" rel=\"noreferrer noopener\"><\/a><a href=\"https:\/\/es.grandepremio.com\/f1\/\" target=\"_blank\" rel=\"noreferrer noopener\"><\/a><a href=\"https:\/\/es.grandepremio.com\/f1\/\" target=\"_blank\" rel=\"noreferrer noopener\"><\/a><a href=\"https:\/\/es.grandepremio.com\/f1\/\" target=\"_blank\" rel=\"noreferrer noopener\"><\/a><a href=\"https:\/\/es.grandepremio.com\/f1\/\" target=\"_blank\" rel=\"noreferrer noopener\"><\/a><a href=\"https:\/\/es.grandepremio.com\/f1\/\" target=\"_blank\" rel=\"noreferrer noopener\"><\/a><a href=\"https:\/\/es.grandepremio.com\/f1\/\" target=\"_blank\" rel=\"noreferrer noopener\"><\/a><a href=\"https:\/\/es.grandepremio.com\/f1\/\" target=\"_blank\" rel=\"noreferrer noopener\"><\/a><a href=\"https:\/\/es.grandepremio.com\/f1\/\" target=\"_blank\" rel=\"noreferrer noopener\">F\u00f3rmula 1<\/a><\/strong>&nbsp;volver\u00e1 para las pruebas de pretemporada, previstas en&nbsp;<strong>Bahr\u00e9in&nbsp;<\/strong>entre el 26 y el 28 de febrero. La temporada 2025 comienza con el&nbsp;<strong>Gran Premio de Australia<\/strong>, del 14 al 16 de marzo.<\/p>\n\n\n\n<figure class=\"wp-block-embed is-type-video is-provider-youtube wp-block-embed-youtube wp-embed-aspect-16-9 wp-has-aspect-ratio\"><div class=\"wp-block-embed__wrapper\">\n<iframe loading=\"lazy\" title=\"\u00bfQU\u00c9 SUCEDER\u00c1 CON COLAPINTO TRAS SU FICHAJE POR ALPINE EN F1 2025?\" width=\"500\" height=\"281\" src=\"https:\/\/www.youtube.com\/embed\/N3zYG8qGcWI?feature=oembed\" frameborder=\"0\" allow=\"accelerometer; autoplay; clipboard-write; encrypted-media; gyroscope; picture-in-picture; web-share\" referrerpolicy=\"strict-origin-when-cross-origin\" allowfullscreen><\/iframe>\n<\/div><\/figure>\n","protected":false},"excerpt":{"rendered":"<p>Sauber cambia de rumbo y prescinde de Alessandro Alunni Bravi como director de equipo en la F\u00f3rmula 1 despu\u00e9s de dos temporadas, mientras aguarda el desembarco de Audi en 2026<\/p>\n","protected":false},"author":0,"featured_media":1010310758,"comment_status":"closed","ping_status":"closed","sticky":false,"template":"","format":"standard","meta":{"42wp_featured_image_caption":"","42wp_featured_image_credits":"","42wp_featured_video":"","42wp_featured_image_hidden":false,"42wp_authors_list":[],"footnotes":""},"categories":[5],"tags":[5303,181,1710,179,8059,4071,1488,8588,497,9647],"42wp_author":[14239],"class_list":["post-9692","post","type-post","status-publish","format-standard","has-post-thumbnail","hentry","category-f1","tag-alessandro-alunni-bravi","tag-f1","tag-f1-2025","tag-formula-1","tag-formula-1-2025","tag-gabriel-bortoleto","tag-grande-premio","tag-nico-hlkenberg","tag-sauber","tag-temporada-2025-f1","42wp_author-jp-otrosky"],"_links":{"self":[{"href":"https:\/\/grandepremio.com\/es\/wp-json\/wp\/v2\/posts\/9692","targetHints":{"allow":["GET"]}}],"collection":[{"href":"https:\/\/grandepremio.com\/es\/wp-json\/wp\/v2\/posts"}],"about":[{"href":"https:\/\/grandepremio.com\/es\/wp-json\/wp\/v2\/types\/post"}],"replies":[{"embeddable":true,"href":"https:\/\/grandepremio.com\/es\/wp-json\/wp\/v2\/comments?post=9692"}],"version-history":[{"count":0,"href":"https:\/\/grandepremio.com\/es\/wp-json\/wp\/v2\/posts\/9692\/revisions"}],"wp:featuredmedia":[{"embeddable":true,"href":"https:\/\/grandepremio.com\/es\/wp-json\/wp\/v2\/media\/1010310758"}],"wp:attachment":[{"href":"https:\/\/grandepremio.com\/es\/wp-json\/wp\/v2\/media?parent=9692"}],"wp:term":[{"taxonomy":"category","embeddable":true,"href":"https:\/\/grandepremio.com\/es\/wp-json\/wp\/v2\/categories?post=9692"},{"taxonomy":"post_tag","embeddable":true,"href":"https:\/\/grandepremio.com\/es\/wp-json\/wp\/v2\/tags?post=9692"},{"taxonomy":"42wp_author","embeddable":true,"href":"https:\/\/grandepremio.com\/es\/wp-json\/wp\/v2\/42wp_author?post=9692"}],"curies":[{"name":"wp","href":"https:\/\/api.w.org\/{rel}","templated":true}]}}