{"id":9699,"date":"2025-01-14T12:44:41","date_gmt":"2025-01-14T15:44:41","guid":{"rendered":"https:\/\/grandepremio.com\/es\/2025\/01\/14\/al-attiyah-gana-etapa-9-dakar-2025-al-rajhi-lider-autos\/"},"modified":"2025-01-14T12:44:45","modified_gmt":"2025-01-14T15:44:45","slug":"al-attiyah-gana-etapa-9-dakar-2025-al-rajhi-lider-autos","status":"publish","type":"post","link":"https:\/\/grandepremio.com\/es\/dakar\/al-attiyah-gana-etapa-9-dakar-2025-al-rajhi-lider-autos\/","title":{"rendered":"Al-Attiyah gana la etapa 9 del Dakar 2025 y Al-Rajhi se pone l\u00edder de la general en autos"},"content":{"rendered":"\n<p class=\"wp-block-paragraph\">Se acerca el final del <strong>Dakar 2025<\/strong> y la novena etapa, que uni\u00f3 las ciudades de <strong>Riad <\/strong>y de <strong>Haradh<\/strong>, y tuvo un recorrido total de 589 kil\u00f3metros, con 357 de ellos siendo cronometrados, que ha visto ganar a <strong>Nasser Al-Attiyah<\/strong>, luego de todas sus quejas sobre la carrera, que lo llev\u00f3, incluso, <a href=\"https:\/\/grandepremio.com\/es\/dakar\/nasser-al-attiyah-carta-mohammed-ben-sulayem-dakar\/\" target=\"_blank\" rel=\"noreferrer noopener\">a escribirle una carta al presidente de la FIA<\/a>, <strong>Mohammed Ben Sulayem<\/strong>.<\/p>\n\n\n\n<p class=\"wp-block-paragraph\">\ud83d\udfe5\u00a0<em><strong>\u00a1Todas las novedades te esperan en el canal de\u00a0<\/strong><\/em><a href=\"https:\/\/www.youtube.com\/@GrandePremioES\"><em>YouTube<\/em><\/a><em><strong>\u00a0de Grande Pr\u00eamio en Espa\u00f1ol!<\/strong><\/em>\u00a0\ud83d\udfe8<br><br>El qatar\u00ed, junto con su navegante Edouard Boulanger, termin\u00f3 los 357 kil\u00f3metros en s\u00f3lo 2h52min59s. <strong>Guillaume de Mevius<\/strong> fue segundo, a 2m47s del pr\u00edncipe, mientras que <strong>Yazeed Al-Rajhi<\/strong> se ubic\u00f3 tercero, a poco m\u00e1s de tres minutos, un resultado que le permiti\u00f3 recuperar el liderazgo en la clasificaci\u00f3n general debido a los problemas de<strong> Henk Lategan<\/strong>, que se perdi\u00f3 en el medio del desierto. <strong>Mattias Ekstr\u00f6m <\/strong>fue cuarto, con Rokas Baciuska, Mitchell Guthrie, Simon Vitse, Cristina Guti\u00e9rrez, Jo\u00e3o Ferreira y Marcos Gastaldi en el top-10.<\/p>\n\n\n\n<p class=\"wp-block-paragraph\">A falta de solo tres d\u00edas de competencia, en la divisional <strong>Ultimate<\/strong> de los autos la clasificaci\u00f3n general se ha apretado considerablemente, dado que Al-Rajhi asumi\u00f3 el liderazgo con un tiempo total de 45h06m54s y le sac\u00f3 7m09s a Lategan, que era el puntero de la prueba hasta la jornada de ayer. Ekstr\u00f6m es tercero, a 24m50s del piloto saud\u00ed y Al-Attiyah trep\u00f3 al cuarto lugar, a 25m21s con el <strong>Dacia<\/strong>. Guthrie completa los cinco primeros, a 56m28s de Yazeed.<\/p>\n\n\n\n<figure class=\"wp-block-embed is-type-video is-provider-youtube wp-block-embed-youtube wp-embed-aspect-16-9 wp-has-aspect-ratio\"><div class=\"wp-block-embed__wrapper\">\n<iframe loading=\"lazy\" title=\"\u00bfQU\u00c9 SUCEDER\u00c1 CON COLAPINTO TRAS SU FICHAJE POR ALPINE EN F1 2025?\" width=\"500\" height=\"281\" src=\"https:\/\/www.youtube.com\/embed\/N3zYG8qGcWI?feature=oembed\" frameborder=\"0\" allow=\"accelerometer; autoplay; clipboard-write; encrypted-media; gyroscope; picture-in-picture; web-share\" referrerpolicy=\"strict-origin-when-cross-origin\" allowfullscreen><\/iframe>\n<\/div><\/figure>\n\n\n\n<p class=\"wp-block-paragraph\">Por su parte, <strong>Juan Cruz Yacopini<\/strong> se mantiene s\u00e9ptimo en la general de los coches, junto con el espa\u00f1ol Oliveras, a 1h44m41s de Al-Rajhi, habiendo perdido 21 minutos en el tramo de hot con respecto a Al-Attiyah, el vencedor de este martes. El piloto argentino de <strong>Toyota <\/strong>se coloc\u00f3 17\u00b0 y aun aspira a acabar la carrera dentro de los cinco primeros, aunque deber\u00e1 descontar m\u00e1s de 40 segundos para lograrlo.<\/p>\n\n\n\n<p class=\"wp-block-paragraph\">\u23e9&nbsp;<em><strong>\u00a1Seguinos en redes por&nbsp;<\/strong><\/em><a href=\"https:\/\/twitter.com\/grandepremioES\"><em>Twitter&nbsp;<\/em><\/a><em><strong>e&nbsp;<\/strong><\/em><a href=\"https:\/\/www.instagram.com\/grandepremioes\/\"><em>Instagram!<\/em><\/a><br>\u23e9&nbsp;<em><strong>Adem\u00e1s, tenemos nuestro&nbsp;<\/strong><\/em><a href=\"https:\/\/whatsapp.com\/channel\/0029VaDZ5zb0gcfDxuwxBM05\"><em>canal de Whatsapp<\/em><\/a><em><strong>&nbsp;con toda la informaci\u00f3n al instante<\/strong><\/em>&nbsp;\ud83c\udfc1<\/p>\n\n\n\n<p class=\"wp-block-paragraph\">La d\u00e9cima etapa del Dakar 2025 marcar\u00e1 la salida de Haradh y la prueba pondr\u00e1 rumbo a Shubaytah, donde todo concluir\u00e1 el viernes. Los competidores se enfrentar\u00e1n a un tramo cronometrado de 115 kil\u00f3metros, as\u00ed como a otros 520 kil\u00f3metros de recorrido. <strong>GRANDE PR\u00caMIO<\/strong> ofrece una cobertura completa de todas las categor\u00edas de la prueba.<\/p>\n\n\n\n<h2 class=\"wp-block-heading\" id=\"h-dakar-2025-carros-classificacao-geral-apos-9\u00aa-etapa\"><strong>Dakar 2025, Autos, Clasificaci\u00f3n tras 9 etapas:<\/strong><\/h2>\n\n\n\n<figure class=\"wp-block-table\"><table class=\"has-fixed-layout\"><tbody><tr><td>POS<\/td><td>PILOTOS<\/td><td>EQUIPO<\/td><td>TIEMPO<\/td><td>DIF<\/td><\/tr><tr><td>1<\/td><td>Y AL RAJHI<br>T GOTTSCHALK<\/td><td>Overdrive Racing<\/td><td>45:06:54<\/td><td>&nbsp;<\/td><\/tr><tr><td>2<\/td><td>H LATEGAN<br>B CUMMINGS<\/td><td>Toyota Gazoo<\/td><td>45:14:03<\/td><td>00:07:09<\/td><\/tr><tr><td>3<\/td><td>M EKSTR\u00d6M<br>E BERGKVIST<\/td><td>Ford M-Sport<\/td><td>45:31:44<\/td><td>00:24:50<\/td><\/tr><tr><td>4<\/td><td>N AL-ATTIYAH<br>E BOULANGER<\/td><td>Dacia Sandriders<\/td><td>45:32:15<\/td><td>00:25:21<\/td><\/tr><tr><td>5<\/td><td>M GUTHRIE<br>K WELCH<\/td><td>Ford M-Sport<\/td><td>46:03:22<\/td><td>00:56:28<\/td><\/tr><tr><td>6<\/td><td>M SERRADORI<br>L MINAUDIER<\/td><td>Century Racing<\/td><td>46:13:46<\/td><td>01:06:52<\/td><\/tr><tr><td>7<\/td><td>J YACOPINI<br>D OLIVERAS<\/td><td>Overdrive Racing<\/td><td>46:51:35<\/td><td>01:44:41<\/td><\/tr><tr><td>8<\/td><td>S QUINTERO<br>D ZENZ<\/td><td>Toyota Gazoo<\/td><td>46:53:01<\/td><td>01:46:07<\/td><\/tr><tr><td>9<\/td><td>J FERREIRA<br>F PALMEIRO<\/td><td>X-Raid Mini JCW<\/td><td>47:17:56<\/td><td>02:11:02<\/td><\/tr><tr><td>10<\/td><td>B BARAGWANATH<br>L CREMER<\/td><td>Century Racing<\/td><td>47:38:08<\/td><td>02:31:14<\/td><\/tr><\/tbody><\/table><\/figure>\n","protected":false},"excerpt":{"rendered":"<p>Nasser Al-Attiyah olvid\u00f3 sus numerosos problemas durante el Dakar, gan\u00f3 la 9\u00aa etapa del rally y sigue aspirando a otro t\u00edtulo en coches, mientras que Yazeed Al-Rajhi aprovech\u00f3 el dif\u00edcil d\u00eda de Henk Lategan y se puso l\u00edder de la general de autos. Por su parte, Juan Cruz Yacopini perdi\u00f3 algo de tiempo hoy y es 7\u00b0 en la clasificaci\u00f3n acumulada.<\/p>\n","protected":false},"author":0,"featured_media":1010310642,"comment_status":"closed","ping_status":"closed","sticky":false,"template":"","format":"standard","meta":{"42wp_featured_image_caption":"","42wp_featured_image_credits":"","42wp_featured_video":"","42wp_featured_image_hidden":false,"42wp_authors_list":[],"footnotes":""},"categories":[16],"tags":[9616,10121,4922,11484,1996,9705,1372,1930,1969,1989,312,11455,1986],"42wp_author":[14237],"class_list":["post-9699","post","type-post","status-publish","format-standard","has-post-thumbnail","hentry","category-dakar","tag-dacia","tag-dakar-2025","tag-guillaume-de-mevius","tag-haradh","tag-henk-lategan","tag-juan-cruz-yacopini","tag-mattias-ekstrom","tag-mohammed-ben-sulayem","tag-nasser-al-attiyah","tag-riad","tag-toyota","tag-ultimate","tag-yazeed-al-rajhi","42wp_author-gabriel-garcia"],"_links":{"self":[{"href":"https:\/\/grandepremio.com\/es\/wp-json\/wp\/v2\/posts\/9699","targetHints":{"allow":["GET"]}}],"collection":[{"href":"https:\/\/grandepremio.com\/es\/wp-json\/wp\/v2\/posts"}],"about":[{"href":"https:\/\/grandepremio.com\/es\/wp-json\/wp\/v2\/types\/post"}],"replies":[{"embeddable":true,"href":"https:\/\/grandepremio.com\/es\/wp-json\/wp\/v2\/comments?post=9699"}],"version-history":[{"count":0,"href":"https:\/\/grandepremio.com\/es\/wp-json\/wp\/v2\/posts\/9699\/revisions"}],"wp:featuredmedia":[{"embeddable":true,"href":"https:\/\/grandepremio.com\/es\/wp-json\/wp\/v2\/media\/1010310642"}],"wp:attachment":[{"href":"https:\/\/grandepremio.com\/es\/wp-json\/wp\/v2\/media?parent=9699"}],"wp:term":[{"taxonomy":"category","embeddable":true,"href":"https:\/\/grandepremio.com\/es\/wp-json\/wp\/v2\/categories?post=9699"},{"taxonomy":"post_tag","embeddable":true,"href":"https:\/\/grandepremio.com\/es\/wp-json\/wp\/v2\/tags?post=9699"},{"taxonomy":"42wp_author","embeddable":true,"href":"https:\/\/grandepremio.com\/es\/wp-json\/wp\/v2\/42wp_author?post=9699"}],"curies":[{"name":"wp","href":"https:\/\/api.w.org\/{rel}","templated":true}]}}