{"id":9735,"date":"2025-01-12T08:20:30","date_gmt":"2025-01-12T11:20:30","guid":{"rendered":"https:\/\/grandepremio.com\/es\/2025\/01\/12\/toyota-admite-avanza-hacia-f1\/"},"modified":"2025-01-12T08:20:33","modified_gmt":"2025-01-12T11:20:33","slug":"toyota-admite-avanza-hacia-f1","status":"publish","type":"post","link":"https:\/\/grandepremio.com\/es\/f1\/toyota-admite-avanza-hacia-f1\/","title":{"rendered":"Toyota admite que \u00abavanza hacia la F1\u00bb, pero predica: \u00abNo podemos saltarnos pasos\u00bb"},"content":{"rendered":"\n<p class=\"wp-block-paragraph\"><strong>Toyota <\/strong>regres\u00f3 a la <strong>F\u00f3rmula 1<\/strong> en <strong>2024 <\/strong>a trav\u00e9s de una asociaci\u00f3n t\u00e9cnica con <strong>Haas<\/strong>, pero poco a poco se est\u00e1 \u00abmoviendo hacia\u00bb un regreso a la categor\u00eda con su propio equipo. As\u00ed lo confirm\u00f3 <strong>Masaya Kaji<\/strong>, director global de automovilismo de <strong>Toyota Gazoo Racing<\/strong>.<\/p>\n\n\n\n<p class=\"wp-block-paragraph\">La marca japonesa intent\u00f3 aventurarse en la F\u00f3rmula 1 entre <strong>2002<\/strong> y <strong>2009<\/strong>, pero a pesar de invertir mucho dinero en el proyecto, la escuder\u00eda nunca logr\u00f3 resultados satisfactorios. A lo largo de ocho temporadas, el equipo logr\u00f3 13 podios, tres poles y nunca gan\u00f3. Su mejor campa\u00f1a en el <strong>Campeonato del Mundo de Constructores<\/strong> fue en <strong>2005<\/strong>, cuando qued\u00f3 cuarto.<\/p>\n\n\n\n<p class=\"wp-block-paragraph\">En <strong>2010<\/strong>, Toyota decidi\u00f3 abandonar la F1, pero <a href=\"https:\/\/grandepremio.com\/es\/f1\/haas-asociacion-toyota-gazoo-racing-f1-temporada-2024\/\">regres\u00f3 el a\u00f1o pasado al firmar una asociaci\u00f3n t\u00e9cnica con Haas<\/a>. Inicialmente, el objetivo del acuerdo era intercambiar conocimientos t\u00e9cnicos y forjar alianzas comerciales. Sin embargo, los japoneses parecen decididos a regresar al deporte con un equipo propio.<\/p>\n\n\n\n<p class=\"wp-block-paragraph\">\u00abEstamos estudiando las tecnolog\u00edas actuales y las de 2026. Creo que nos estamos moviendo gradualmente en esta direcci\u00f3n, pero no estamos en el punto de dirigir todos nuestros recursos hacia el regreso a la F1. Pero lo que ocurra despu\u00e9s de <strong>2030 <\/strong>es a\u00fan incierto. Estamos trabajando en varias tecnolog\u00edas nuevas, as\u00ed que a\u00fan tenemos que ver si nuestro objetivo se alinea con la F1\u00bb, subray\u00f3 Kaji.<\/p>\n\n\n\n<p class=\"wp-block-paragraph\">\ud83d\udfe5&nbsp;<em><strong>\u00a1Todas las novedades te esperan en el canal de&nbsp;<\/strong><\/em><a href=\"https:\/\/www.youtube.com\/@GrandePremioES\"><em>YouTube<\/em><\/a><em><strong>&nbsp;de Grande Pr\u00eamio en Espa\u00f1ol!<\/strong><\/em>&nbsp;\ud83d\udfe8<\/p>\n\n\n\n<figure class=\"wp-block-image size-full\"><img decoding=\"async\" src=\"https:\/\/grandepremio.com\/cdn-cgi\/image\/width=893,height=558,fit=contain,gravity=0.5x0.5,quality=75,format=webp\/es\/wp-content\/uploads\/2025\/01\/Cristiano-Da-Matta_-3.jpg\" alt=\"\" class=\"wp-image-310289\"\/><figcaption class=\"wp-element-caption\">Toyota se plantea un regreso como equipo a la F1 tras abandonar la categor\u00eda en 2009. (Foto: Getty Images)<\/figcaption><\/figure>\n\n\n\n<p class=\"wp-block-paragraph\">\u23e9\u00a0<em><strong>\u00a1Seguinos en redes por\u00a0<\/strong><\/em><a href=\"https:\/\/twitter.com\/grandepremioES\"><em>Twitter\u00a0<\/em><\/a><em><strong>e\u00a0<\/strong><\/em><a href=\"https:\/\/www.instagram.com\/grandepremioes\/\"><em>Instagram!<\/em><\/a><br>\u23e9\u00a0<em><strong>Adem\u00e1s, tenemos nuestro\u00a0<\/strong><\/em><a href=\"https:\/\/whatsapp.com\/channel\/0029VaDZ5zb0gcfDxuwxBM05\"><em>canal de Whatsapp<\/em><\/a><em><strong>\u00a0con toda la informaci\u00f3n al instante<\/strong><\/em>\u00a0\ud83c\udfc1<\/p>\n\n\n\n<p class=\"wp-block-paragraph\">Adem\u00e1s de la posibilidad de tener su propio equipo, Toyota aspira a que sus pilotos de desarrollo lleguen a la F1. Adem\u00e1s de <strong>Ryo Hirakawa<\/strong>, que corre para el equipo japon\u00e9s en el <strong>Campeonato Mundial de Resistencia<\/strong> y <a href=\"https:\/\/grandepremio.com\/es\/f1\/hirakawa-deja-mclaren-asume-cargo-piloto-pruebas-reserva-alpine-f1\/\">ahora es piloto reserva de <strong>Alpine <\/strong>en F1<\/a>, <strong>Ritomo Miyata<\/strong>, que correr\u00e1 en <strong>F\u00f3rmula 2<\/strong> en 2025 con <strong>ART<\/strong>, tambi\u00e9n cuenta con el apoyo del programa de pilotos de Toyota.<\/p>\n\n\n\n<p class=\"wp-block-paragraph\">\u00abSi tuvi\u00e9ramos nuestro propio equipo, podr\u00edamos elegir qu\u00e9 pilotos poner en el coche. En ese sentido, realmente nos acercar\u00eda a llevar a nuestros pilotos a la F1. Pero, siendo realistas, tenemos que evaluar cu\u00e1nto dinero y cu\u00e1ntos miembros del equipo har\u00edan falta para conseguirlo\u00bb, continu\u00f3.<\/p>\n\n\n\n<p class=\"wp-block-paragraph\">\u00abPor eso no creo que estemos en la fase de decir: &#8216;Vamos a crear un equipo inmediatamente&#8217;. Por ahora, lo importante es crear asociaciones, como con Haas, y trabajar con varios equipos. No estamos en la fase de saltarnos pasos, tenemos que centrarnos en el ahora\u00bb, concluy\u00f3 el director mundial de automovilismo de Toyota Gazoo Racing.<\/p>\n\n\n\n<p class=\"wp-block-paragraph\">La&nbsp;<strong>F\u00f3rmula 1<\/strong>&nbsp;est\u00e1 oficialmente de vacaciones. La pr\u00f3xima actividad es la \u00fanica sesi\u00f3n de pruebas colectivas de pretemporada, prevista para los d\u00edas 26, 27 y 28 de febrero en&nbsp;<strong>Bahr\u00e9in<\/strong>. La&nbsp;<strong>temporada 2025<\/strong>&nbsp;arranca con el&nbsp;<strong>Gran Premio de Australia<\/strong>, del 14 al 16 de marzo.<\/p>\n\n\n\n<figure class=\"wp-block-embed is-type-video is-provider-youtube wp-block-embed-youtube wp-embed-aspect-16-9 wp-has-aspect-ratio\"><div class=\"wp-block-embed__wrapper\">\n<iframe loading=\"lazy\" title=\"\u00bfQU\u00c9 SUCEDER\u00c1 CON COLAPINTO TRAS SU FICHAJE POR ALPINE EN F1 2025?\" width=\"500\" height=\"281\" src=\"https:\/\/www.youtube.com\/embed\/N3zYG8qGcWI?feature=oembed\" frameborder=\"0\" allow=\"accelerometer; autoplay; clipboard-write; encrypted-media; gyroscope; picture-in-picture; web-share\" referrerpolicy=\"strict-origin-when-cross-origin\" allowfullscreen><\/iframe>\n<\/div><\/figure>\n","protected":false},"excerpt":{"rendered":"<p>Masaya Kaji, director mundial de automovilismo de Toyota Gazoo Racing, habl\u00f3 sobre la posibilidad de que la marca japonesa vuelva a tener un equipo en la F\u00f3rmula 1.<\/p>\n","protected":false},"author":0,"featured_media":1010292117,"comment_status":"closed","ping_status":"closed","sticky":false,"template":"","format":"standard","meta":{"42wp_featured_image_caption":"","42wp_featured_image_credits":"","42wp_featured_video":"","42wp_featured_image_hidden":false,"42wp_authors_list":[],"footnotes":""},"categories":[5],"tags":[678,373,1710,179,414,10947,7073,3326,312,3473],"42wp_author":[14240],"class_list":["post-9735","post","type-post","status-publish","format-standard","has-post-thumbnail","hentry","category-f1","tag-alpine","tag-art","tag-f1-2025","tag-formula-1","tag-haas","tag-masaya-kaji","tag-ritomo-miyata","tag-ryo-hirakawa","tag-toyota","tag-toyota-gazoo-racing","42wp_author-ignacio-bogado"],"_links":{"self":[{"href":"https:\/\/grandepremio.com\/es\/wp-json\/wp\/v2\/posts\/9735","targetHints":{"allow":["GET"]}}],"collection":[{"href":"https:\/\/grandepremio.com\/es\/wp-json\/wp\/v2\/posts"}],"about":[{"href":"https:\/\/grandepremio.com\/es\/wp-json\/wp\/v2\/types\/post"}],"replies":[{"embeddable":true,"href":"https:\/\/grandepremio.com\/es\/wp-json\/wp\/v2\/comments?post=9735"}],"version-history":[{"count":0,"href":"https:\/\/grandepremio.com\/es\/wp-json\/wp\/v2\/posts\/9735\/revisions"}],"wp:featuredmedia":[{"embeddable":true,"href":"https:\/\/grandepremio.com\/es\/wp-json\/wp\/v2\/media\/1010292117"}],"wp:attachment":[{"href":"https:\/\/grandepremio.com\/es\/wp-json\/wp\/v2\/media?parent=9735"}],"wp:term":[{"taxonomy":"category","embeddable":true,"href":"https:\/\/grandepremio.com\/es\/wp-json\/wp\/v2\/categories?post=9735"},{"taxonomy":"post_tag","embeddable":true,"href":"https:\/\/grandepremio.com\/es\/wp-json\/wp\/v2\/tags?post=9735"},{"taxonomy":"42wp_author","embeddable":true,"href":"https:\/\/grandepremio.com\/es\/wp-json\/wp\/v2\/42wp_author?post=9735"}],"curies":[{"name":"wp","href":"https:\/\/api.w.org\/{rel}","templated":true}]}}