{"id":9739,"date":"2025-01-11T13:58:29","date_gmt":"2025-01-11T16:58:29","guid":{"rendered":"https:\/\/grandepremio.com\/es\/2025\/01\/11\/guillaume-de-mevius-victoria-dakar-2025\/"},"modified":"2025-01-11T13:58:32","modified_gmt":"2025-01-11T16:58:32","slug":"guillaume-de-mevius-victoria-dakar-2025","status":"publish","type":"post","link":"https:\/\/grandepremio.com\/es\/dakar\/guillaume-de-mevius-victoria-dakar-2025\/","title":{"rendered":"De M\u00e9vius supera a Botterill y lidera 1-2 de X-Raid en la sexta etapa del Dakar en autos"},"content":{"rendered":"\n<p class=\"wp-block-paragraph\"><strong>DAKAR 2025<br>6\u00aa Etapa: Ha&#8217;il \u27a1 Al Duwadimi<br>Tramo de Enlace: 224 km<br>Tramo Cronometrado: 605 km<br>Distancia total: 829 km<\/strong><\/p>\n\n\n\n<p class=\"wp-block-paragraph\">Tras una jornada de descanso, el <strong>Dakar<\/strong> retom\u00f3 su marcha este s\u00e1bado para la sexta etapa de la edici\u00f3n 2025, con el tramo cronometrado entre Ha&#8217;il y Al Duwadimi de 605 kil\u00f3metros.<\/p>\n\n\n\n<p class=\"wp-block-paragraph\"><strong>Guy David Botterill<\/strong>, de Toyota, fue el claro favorito durante gran parte del especial, tomando el liderazgo en el km 39 y manteni\u00e9ndolo hasta el km 531, cuando no pudo resistir la presi\u00f3n de <strong>Guillaume de M\u00e9vius, <\/strong>de<strong> X-Raid. <\/strong>El belga fue el principal perseguidor del sudafricano y consigui\u00f3 llegar a la punta en los momentos finales, completando el recorrido en 4h34m49s.<\/p>\n\n\n\n<p class=\"wp-block-paragraph\">Pero quien piense que Botterill se hizo con el segundo puesto se equivoca. El portugu\u00e9s <strong>Jo\u00e3o Ferreira, <\/strong>tambi\u00e9n del X-Raid, sigui\u00f3 de cerca a su compa\u00f1ero de equipo y cruz\u00f3 la bandera a cuadros en 4h36min23s, a s\u00f3lo 1m34s del l\u00edder. <strong>Nasser Al-Attiyah,<\/strong> por su parte, fue el mejor situado entre los candidatos al t\u00edtulo del Dakar y termin\u00f3 tercero, a 2m01s de De M\u00e9vius.<\/p>\n\n\n\n<figure class=\"wp-block-image size-large\"><img decoding=\"async\" src=\"https:\/\/grandepremio.com\/cdn-cgi\/image\/width=893,height=558,fit=contain,gravity=0.5x0.5,quality=75,format=webp\/es\/wp-content\/uploads\/2025\/01\/image-7-1024x683.png\" alt=\"\" class=\"wp-image-310266\"\/><figcaption class=\"wp-element-caption\">Guy Botterill lider\u00f3 gran parte de la etapa, pero termin\u00f3 cuarto. (Foto: Dakar)<\/figcaption><\/figure>\n\n\n\n<p class=\"wp-block-paragraph\">Botterill s\u00f3lo fue cuarto, con un tiempo total de 4h38min14s y a 3min25s del ganador. <strong>Yazeed Al Rajhi <\/strong>complet\u00f3 los cinco primeros, mientras que <strong>Rokas Baciu\u0161ka, Henk Lategan <\/strong>-el l\u00edder de la general-, <strong>Mattias Ekstr\u00f6m, Martin Prokop y Nani Roma<\/strong> completaron los diez primeros.<\/p>\n\n\n\n<p class=\"wp-block-paragraph\">Con el resultado de hoy, Lategan consigui\u00f3 mantenerse en cabeza de la general con 32:51:36, pero con el segundo clasificado, Al Rajhi, a solo 7:16. En tercera posici\u00f3n, Ekstr\u00f6m, por su parte, se distanci\u00f3 de los l\u00edderes al acumular un tiempo total de 33:14:03, mientras que Al-Attiyah, de Dacia, y Mitchell Guthrie, de Ford,  completan el top-5.<\/p>\n\n\n\n<p class=\"wp-block-paragraph\"><strong>El Dakar proseguir\u00e1 hacia Al Duwadimi este domingo, en un recorrido que sale y vuelve al mismo sitio. Los competidores se enfrentar\u00e1n a un tramo cronometrado de 419 kil\u00f3metros, con 297 kil\u00f3metros de enlace. GRANDE PR\u00caMIO en Espa\u00f1ol ofrece una cobertura completa de todas las categor\u00edas del evento.<\/strong><\/p>\n","protected":false},"excerpt":{"rendered":"<p>El belga Guillaume de M\u00e9vius lleg\u00f3 a la punta en los kil\u00f3metros finales y conquist\u00f3 la sexta etapa del Dakar 2025 en autos. Henk Lategan contin\u00faa como l\u00edder en la general.<\/p>\n","protected":false},"author":0,"featured_media":1010310265,"comment_status":"closed","ping_status":"closed","sticky":false,"template":"","format":"standard","meta":{"42wp_featured_image_caption":"","42wp_featured_image_credits":"","42wp_featured_video":"","42wp_featured_image_hidden":false,"42wp_authors_list":[],"footnotes":""},"categories":[16],"tags":[319,10121,4922,1996],"42wp_author":[14223],"class_list":["post-9739","post","type-post","status-publish","format-standard","has-post-thumbnail","hentry","category-dakar","tag-dakar","tag-dakar-2025","tag-guillaume-de-mevius","tag-henk-lategan","42wp_author-esteban-nieto"],"_links":{"self":[{"href":"https:\/\/grandepremio.com\/es\/wp-json\/wp\/v2\/posts\/9739","targetHints":{"allow":["GET"]}}],"collection":[{"href":"https:\/\/grandepremio.com\/es\/wp-json\/wp\/v2\/posts"}],"about":[{"href":"https:\/\/grandepremio.com\/es\/wp-json\/wp\/v2\/types\/post"}],"replies":[{"embeddable":true,"href":"https:\/\/grandepremio.com\/es\/wp-json\/wp\/v2\/comments?post=9739"}],"version-history":[{"count":0,"href":"https:\/\/grandepremio.com\/es\/wp-json\/wp\/v2\/posts\/9739\/revisions"}],"wp:featuredmedia":[{"embeddable":true,"href":"https:\/\/grandepremio.com\/es\/wp-json\/wp\/v2\/media\/1010310265"}],"wp:attachment":[{"href":"https:\/\/grandepremio.com\/es\/wp-json\/wp\/v2\/media?parent=9739"}],"wp:term":[{"taxonomy":"category","embeddable":true,"href":"https:\/\/grandepremio.com\/es\/wp-json\/wp\/v2\/categories?post=9739"},{"taxonomy":"post_tag","embeddable":true,"href":"https:\/\/grandepremio.com\/es\/wp-json\/wp\/v2\/tags?post=9739"},{"taxonomy":"42wp_author","embeddable":true,"href":"https:\/\/grandepremio.com\/es\/wp-json\/wp\/v2\/42wp_author?post=9739"}],"curies":[{"name":"wp","href":"https:\/\/api.w.org\/{rel}","templated":true}]}}