{"id":9745,"date":"2025-01-11T08:51:38","date_gmt":"2025-01-11T11:51:38","guid":{"rendered":"https:\/\/grandepremio.com\/es\/2025\/01\/11\/sin-plaza-indy-grosjean-acepta-piloto-reserva-prema-2025\/"},"modified":"2025-01-11T08:51:41","modified_gmt":"2025-01-11T11:51:41","slug":"sin-plaza-indy-grosjean-acepta-piloto-reserva-prema-2025","status":"publish","type":"post","link":"https:\/\/grandepremio.com\/es\/indy\/sin-plaza-indy-grosjean-acepta-piloto-reserva-prema-2025\/","title":{"rendered":"Sin plaza en Indy, Grosjean acepta ser piloto reserva de Prema en 2025"},"content":{"rendered":"\n<p class=\"wp-block-paragraph\"><strong>Romain Grosjean<\/strong> ha perdido su puesto como titular en <strong>Indy <\/strong>y permanecer\u00e1 en el c\u00edrculo de la categor\u00eda. La escuder\u00eda italiana <strong>Prema <\/strong>anunci\u00f3 el viernes que el piloto franco-suizo ser\u00e1 el piloto reserva del equipo para la <strong>temporada 2025<\/strong>. El anuncio se produjo durante el acto de presentaci\u00f3n del coche en el garaje del equipo en <strong>Fisher, Indiana<\/strong>.<\/p>\n\n\n\n<p class=\"wp-block-paragraph\">Tras una trayectoria de casi 200 carreras en la <strong>F\u00f3rmula 1<\/strong>, Grosjean lleg\u00f3 a Indy en <strong>2021<\/strong>, despu\u00e9s de haber trabajado para los equipos <strong>Dale Coyne<\/strong>, <strong>Andretti<\/strong> y <strong>Juncos<\/strong>. Sin embargo, se qued\u00f3 sin plaza de titular para 2025 tras la implantaci\u00f3n del sistema de franquicias de la categor\u00eda, que llev\u00f3 a muchos equipos a cambiar de rumbo y optar por pilotos de pago. En total, el veterano piloto ha logrado 6 podios en 64 participaciones en la categor\u00eda.<\/p>\n\n\n\n<p class=\"wp-block-paragraph\">\ud83d\udfe5&nbsp;<em><strong>\u00a1Todas las novedades te esperan en el canal de&nbsp;<\/strong><\/em><a href=\"https:\/\/www.youtube.com\/@GrandePremioES\"><em>YouTube<\/em><\/a><em><strong>&nbsp;de Grande Pr\u00eamio en Espa\u00f1ol!<\/strong><\/em>&nbsp;\ud83d\udfe8<\/p>\n\n\n\n<figure class=\"wp-block-image size-large\"><img decoding=\"async\" src=\"https:\/\/grandepremio.com\/cdn-cgi\/image\/width=893,height=558,fit=contain,gravity=0.5x0.5,quality=75,format=webp\/es\/wp-content\/uploads\/2025\/01\/Gg9mDxzXAAEbGKl-1024x683.jpeg\" alt=\"\" class=\"wp-image-310231\"\/><figcaption class=\"wp-element-caption\">Prema present\u00f3 este viernes su equipo para la temporada debut en la Indy. (Foto: Prema)<\/figcaption><\/figure>\n\n\n\n<p class=\"wp-block-paragraph\">\u23e9\u00a0<em><strong>\u00a1Seguinos en redes por\u00a0<\/strong><\/em><a href=\"https:\/\/twitter.com\/grandepremioES\"><em>Twitter\u00a0<\/em><\/a><em><strong>e\u00a0<\/strong><\/em><a href=\"https:\/\/www.instagram.com\/grandepremioes\/\"><em>Instagram!<\/em><\/a><br>\u23e9\u00a0<em><strong>Adem\u00e1s, tenemos nuestro\u00a0<\/strong><\/em><a href=\"https:\/\/whatsapp.com\/channel\/0029VaDZ5zb0gcfDxuwxBM05\"><em>canal de Whatsapp<\/em><\/a><em><strong>\u00a0con toda la informaci\u00f3n al instante<\/strong><\/em>\u00a0\ud83c\udfc1<\/p>\n\n\n\n<p class=\"wp-block-paragraph\">Prema ha alineado al ingl\u00e9s <strong>Callum Ilott<\/strong> y al ruso <strong>Robert Shwartzman<\/strong>, ambos pilotos que han trabajado para el equipo durante sus carreras en el automovilismo europeo, como titulares para su temporada de debut en la Indy. Ilott regresa a la parrilla tras su paso por Juncos entre 2021 y <strong>2023<\/strong>. Shwartzman, por su parte, debuta en la categor\u00eda.<\/p>\n\n\n\n<p class=\"wp-block-paragraph\">El equipo tambi\u00e9n ha anunciado que el ex piloto australiano <strong>Ryan Briscoe<\/strong> ser\u00e1 el director deportivo en el inicio de la andadura en Indy. Corri\u00f3 en la categor\u00eda entre <strong>2005 <\/strong>y <strong>2015<\/strong>, con 8 victorias.<\/p>\n\n\n\n<p class=\"wp-block-paragraph\">La <strong>Indy <\/strong>regresa el pr\u00f3ximo 2 de marzo, con el <strong>GP de St. Pete<\/strong>, en <strong>Florida<\/strong>, que abre la <strong>temporada 2025<\/strong>.<\/p>\n\n\n\n<figure class=\"wp-block-embed is-type-video is-provider-youtube wp-block-embed-youtube wp-embed-aspect-16-9 wp-has-aspect-ratio\"><div class=\"wp-block-embed__wrapper\">\n<iframe loading=\"lazy\" title=\"\u00bfQU\u00c9 SUCEDER\u00c1 CON COLAPINTO TRAS SU FICHAJE POR ALPINE EN F1 2025?\" width=\"500\" height=\"281\" src=\"https:\/\/www.youtube.com\/embed\/N3zYG8qGcWI?feature=oembed\" frameborder=\"0\" allow=\"accelerometer; autoplay; clipboard-write; encrypted-media; gyroscope; picture-in-picture; web-share\" referrerpolicy=\"strict-origin-when-cross-origin\" allowfullscreen><\/iframe>\n<\/div><\/figure>\n","protected":false},"excerpt":{"rendered":"<p>Fuera de los Juncos, Romain Grosjean ha sido anunciado como piloto reserva para la temporada de debut de Prema en Indy. El equipo contar\u00e1 con Robert Shwartzman y Callum Ilott como titulares.<\/p>\n","protected":false},"author":0,"featured_media":1010310234,"comment_status":"closed","ping_status":"closed","sticky":false,"template":"","format":"standard","meta":{"42wp_featured_image_caption":"","42wp_featured_image_credits":"","42wp_featured_video":"","42wp_featured_image_hidden":false,"42wp_authors_list":[],"footnotes":""},"categories":[7],"tags":[597,255,433,925,10163,3508,282,2608,207,11459],"42wp_author":[14240],"class_list":["post-9745","post","type-post","status-publish","format-standard","has-post-thumbnail","hentry","category-indy","tag-andretti","tag-callum-ilott","tag-dale-coyne","tag-indy","tag-indy-2025","tag-juncos-hollinger-racing","tag-prema","tag-robert-schwartzman","tag-romain-grosjean","tag-ryan-briscoe","42wp_author-ignacio-bogado"],"_links":{"self":[{"href":"https:\/\/grandepremio.com\/es\/wp-json\/wp\/v2\/posts\/9745","targetHints":{"allow":["GET"]}}],"collection":[{"href":"https:\/\/grandepremio.com\/es\/wp-json\/wp\/v2\/posts"}],"about":[{"href":"https:\/\/grandepremio.com\/es\/wp-json\/wp\/v2\/types\/post"}],"replies":[{"embeddable":true,"href":"https:\/\/grandepremio.com\/es\/wp-json\/wp\/v2\/comments?post=9745"}],"version-history":[{"count":0,"href":"https:\/\/grandepremio.com\/es\/wp-json\/wp\/v2\/posts\/9745\/revisions"}],"wp:featuredmedia":[{"embeddable":true,"href":"https:\/\/grandepremio.com\/es\/wp-json\/wp\/v2\/media\/1010310234"}],"wp:attachment":[{"href":"https:\/\/grandepremio.com\/es\/wp-json\/wp\/v2\/media?parent=9745"}],"wp:term":[{"taxonomy":"category","embeddable":true,"href":"https:\/\/grandepremio.com\/es\/wp-json\/wp\/v2\/categories?post=9745"},{"taxonomy":"post_tag","embeddable":true,"href":"https:\/\/grandepremio.com\/es\/wp-json\/wp\/v2\/tags?post=9745"},{"taxonomy":"42wp_author","embeddable":true,"href":"https:\/\/grandepremio.com\/es\/wp-json\/wp\/v2\/42wp_author?post=9745"}],"curies":[{"name":"wp","href":"https:\/\/api.w.org\/{rel}","templated":true}]}}