{"id":9748,"date":"2025-01-11T08:00:00","date_gmt":"2025-01-11T11:00:00","guid":{"rendered":"https:\/\/grandepremio.com\/es\/2025\/01\/11\/kevin-benavides-abandono-dakar-2025\/"},"modified":"2025-01-11T12:20:36","modified_gmt":"2025-01-11T15:20:36","slug":"kevin-benavides-abandono-dakar-2025","status":"publish","type":"post","link":"https:\/\/grandepremio.com\/es\/dakar\/kevin-benavides-abandono-dakar-2025\/","title":{"rendered":"Bicampe\u00f3n en motos, Kevin Benavides se retira del Dakar 2025 por motivos de salud"},"content":{"rendered":"\n<p class=\"wp-block-paragraph\"><a href=\"https:\/\/grandepremio.com\/es\/rally\/kevin-benavides-campeon-dakar-2023\/\">Campe\u00f3n en las ediciones 2021 y 2023 del <strong>Dakar <\/strong>en motos<\/a>,<strong> Kevin Benavides<\/strong> decidi\u00f3 abandonar la presente edici\u00f3n del rally por motivos de salud. El argentino hab\u00eda vuelto a competir este enero despu\u00e9s de varios meses de recuperaci\u00f3n por un grave accidente en mayo, y decidi\u00f3 concluir con su participaci\u00f3n en el Dakar durante el viernes, d\u00eda de descanso del ra\u00edd.<\/p>\n\n\n\n<p class=\"wp-block-paragraph\">&#8220;Decid\u00ed frenarme. Despu\u00e9s de todo el esfuerzo que hice para llegar y haber pasado seis d\u00edas de competencia haci\u00e9ndolo relativamente bien, creo que es la decisi\u00f3n m\u00e1s inteligente. Estoy priorizando mi salud en vez de la pasi\u00f3n que tengo por estar en una moto&#8221;, declar\u00f3 el piloto de<strong> KTM <\/strong>en un video en redes sociales.<\/p>\n\n\n\n<p class=\"wp-block-paragraph\">Lejos de la pelea como en a\u00f1os anteriores, Benavides hab\u00eda finalizado la quinta etapa en la posici\u00f3n 37\u00b0, y ocupaba el 26\u00b0 puesto en la clasificaci\u00f3n general. Sin embargo, el argentino pronostic\u00f3 que al cabo de unos meses de recuperaci\u00f3n podr\u00e1 volver m\u00e1s competitivo en el Dakar 2026. <\/p>\n\n\n\n<figure class=\"wp-block-image size-large\"><img decoding=\"async\" src=\"https:\/\/grandepremio.com\/cdn-cgi\/image\/width=893,height=558,fit=contain,gravity=0.5x0.5,quality=75,format=webp\/es\/wp-content\/uploads\/2025\/01\/SI202501090501-1024x683.jpg\" alt=\"\" class=\"wp-image-310222\"\/><figcaption class=\"wp-element-caption\">Kevin Benavides, en acci\u00f3n durante el Dakar 2025. (Foto: Flavien Duhamel \/ Red Bull Content Pool)<\/figcaption><\/figure>\n\n\n\n<p class=\"wp-block-paragraph\">&#8220;No soy de los que abandonan, al #47 lo vamos a hacer brillar m\u00e1s adelante. Ahora voy a seguir con la recuperaci\u00f3n. Un par de meses van a ser muy buenos, y todo lo que ya logr\u00e9 ha sido incre\u00edblemente bueno&#8221;, agreg\u00f3.<\/p>\n\n\n\n<p class=\"wp-block-paragraph\">Benavides se accident\u00f3 a mediados de mayo durante una prueba privada en Salta, donde sufri\u00f3 graves lesiones y fue hospitalizado con pron\u00f3stico reservado. A partir de ah\u00ed comenz\u00f3 una dura rehabilitaci\u00f3n y estuvo ausente durante el calendario de Rally Raid de 2024. Finalmente, su vuelta a las pistas se dio en el Dakar 2025, aunque sin estar en un estado f\u00edsico ideal.<\/p>\n\n\n\n<figure class=\"wp-block-embed is-type-video is-provider-youtube wp-block-embed-youtube wp-embed-aspect-16-9 wp-has-aspect-ratio\"><div class=\"wp-block-embed__wrapper\">\n<iframe loading=\"lazy\" title=\"\u00bfQU\u00c9 SUCEDER\u00c1 CON COLAPINTO TRAS SU FICHAJE POR ALPINE EN F1 2025?\" width=\"500\" height=\"281\" src=\"https:\/\/www.youtube.com\/embed\/N3zYG8qGcWI?feature=oembed\" frameborder=\"0\" allow=\"accelerometer; autoplay; clipboard-write; encrypted-media; gyroscope; picture-in-picture; web-share\" referrerpolicy=\"strict-origin-when-cross-origin\" allowfullscreen><\/iframe>\n<\/div><\/figure>\n\n\n\n<p class=\"wp-block-paragraph\">&#8220;Las dificultades que he tenido en carrera han sido much\u00edsimas. No puedo estirar el codo por completo, no puedo agarrar bien el embrague ni cerrar bien la mano. Creo que en la pr\u00f3xima semana hay m\u00e1s para perder que para ganar. S\u00e9 que con un par de meses m\u00e1s voy a poder volver a manejar como a m\u00ed me gusta, con mi estilo&#8221;, finaliz\u00f3 el argentino.   <\/p>\n\n\n\n<p class=\"wp-block-paragraph\">Luego de completar su primera semana de competencia, el Dakar prosigue este s\u00e1bado con el especial entre Hail y Al Duwadimi. <strong>Daniel Sanders<\/strong> lidera la clasificaci\u00f3n entre las motos, mientras que <strong>Luciano Benavides,<\/strong> hermano de Kevin, se encuentra en el s\u00e9ptimo lugar en la general. Ambos comparten el equipo oficial <strong>KTM<\/strong> con el piloto recientemente retirado.<\/p>\n\n\n\n<p class=\"wp-block-paragraph\"><\/p>\n","protected":false},"excerpt":{"rendered":"<p>Campe\u00f3n del Dakar en 2021 y 2023, el argentino Kevin Benavides decidi\u00f3 retirarse del Dakar 2025 para preservar su salud en las etapas finales de la competencia,. <\/p>\n","protected":false},"author":0,"featured_media":1010310221,"comment_status":"closed","ping_status":"closed","sticky":false,"template":"","format":"standard","meta":{"42wp_featured_image_caption":"","42wp_featured_image_credits":"","42wp_featured_video":"","42wp_featured_image_hidden":false,"42wp_authors_list":[],"footnotes":""},"categories":[16],"tags":[319,10121,1966,4924],"42wp_author":[14223],"class_list":["post-9748","post","type-post","status-publish","format-standard","has-post-thumbnail","hentry","category-dakar","tag-dakar","tag-dakar-2025","tag-kevin-benavides","tag-luciano-benavides","42wp_author-esteban-nieto"],"_links":{"self":[{"href":"https:\/\/grandepremio.com\/es\/wp-json\/wp\/v2\/posts\/9748","targetHints":{"allow":["GET"]}}],"collection":[{"href":"https:\/\/grandepremio.com\/es\/wp-json\/wp\/v2\/posts"}],"about":[{"href":"https:\/\/grandepremio.com\/es\/wp-json\/wp\/v2\/types\/post"}],"replies":[{"embeddable":true,"href":"https:\/\/grandepremio.com\/es\/wp-json\/wp\/v2\/comments?post=9748"}],"version-history":[{"count":0,"href":"https:\/\/grandepremio.com\/es\/wp-json\/wp\/v2\/posts\/9748\/revisions"}],"wp:featuredmedia":[{"embeddable":true,"href":"https:\/\/grandepremio.com\/es\/wp-json\/wp\/v2\/media\/1010310221"}],"wp:attachment":[{"href":"https:\/\/grandepremio.com\/es\/wp-json\/wp\/v2\/media?parent=9748"}],"wp:term":[{"taxonomy":"category","embeddable":true,"href":"https:\/\/grandepremio.com\/es\/wp-json\/wp\/v2\/categories?post=9748"},{"taxonomy":"post_tag","embeddable":true,"href":"https:\/\/grandepremio.com\/es\/wp-json\/wp\/v2\/tags?post=9748"},{"taxonomy":"42wp_author","embeddable":true,"href":"https:\/\/grandepremio.com\/es\/wp-json\/wp\/v2\/42wp_author?post=9748"}],"curies":[{"name":"wp","href":"https:\/\/api.w.org\/{rel}","templated":true}]}}