{"id":9772,"date":"2025-01-09T11:57:43","date_gmt":"2025-01-09T14:57:43","guid":{"rendered":"https:\/\/grandepremio.com\/es\/2025\/01\/09\/mclaren-dice-red-bull-no-ha-sufrido-todas-las-conescuencias-bajas\/"},"modified":"2025-01-09T11:57:47","modified_gmt":"2025-01-09T14:57:47","slug":"mclaren-dice-red-bull-no-ha-sufrido-todas-las-conescuencias-bajas","status":"publish","type":"post","link":"https:\/\/grandepremio.com\/es\/f1\/mclaren-dice-red-bull-no-ha-sufrido-todas-las-conescuencias-bajas\/","title":{"rendered":"McLaren dice que Red Bull a\u00fan no ha sufrido \u00abtodas las consecuencias\u00bb de sus bajas"},"content":{"rendered":"\n<p class=\"wp-block-paragraph\">Incluso en medio de un periodo turbulento en 2024, <strong>Red Bull<\/strong> logr\u00f3 ganar otro t\u00edtulo mundial de pilotos de <strong>F\u00f3rmula 1<\/strong>, el cuarto consecutivo para <strong>Max Verstappen<\/strong>. Pero, \u00bfqu\u00e9 posibilidades tienen de mantener el rumbo y volver a ganar en 2025? El CEO de <strong>McLaren<\/strong>, el equipo encargado de batir al equipo austr\u00edaco en el <strong>Mundial de Constructores<\/strong>, tiene sus dudas.<\/p>\n\n\n\n<p class=\"wp-block-paragraph\"><strong>Zak Brown<\/strong>, CEO de la compa\u00f1\u00eda brit\u00e1nica, volvi\u00f3 a arremeter contra la marca de bebidas energizantes. Seg\u00fan \u00e9l, Red Bull a\u00fan no ha demostrado el da\u00f1o real que se ha hecho en el \u00faltimo a\u00f1o.<\/p>\n\n\n\n<p class=\"wp-block-paragraph\">\u00abRed Bull ha perdido personal importante y necesario, y creo que a\u00fan no hemos visto del todo las consecuencias de ello\u00bb, dijo en una entrevista al diario neerland\u00e9s <em>De Telegraaf<\/em>.<\/p>\n\n\n\n<p class=\"wp-block-paragraph\">\u00abSiguen siendo un buen equipo, pero hay que fijarse en la cultura y el ambiente\u00bb, afirm\u00f3.<\/p>\n\n\n\n<p class=\"wp-block-paragraph\">\ud83d\udfe5&nbsp;<em><strong>\u00a1Todas las novedades te esperan en el canal de&nbsp;<\/strong><\/em><a href=\"https:\/\/www.youtube.com\/@GrandePremioES\"><em>YouTube<\/em><\/a><em><strong>&nbsp;de Grande Pr\u00eamio en Espa\u00f1ol!<\/strong><\/em>&nbsp;\ud83d\udfe8<\/p>\n\n\n\n<figure class=\"wp-block-image size-large\"><img decoding=\"async\" src=\"https:\/\/grandepremio.com\/es\/wp-content\/uploads\/2024\/08\/SI202408250240_hires_jpeg_24bit_rgb-1024x670.jpg\" alt=\"\" class=\"wp-image-251661\"\/><figcaption class=\"wp-element-caption\">Zak Brown dijo que Red Bull a\u00fan seguir\u00e1 sufriendo las bajas en su personal. (Foto: Red Bull Content Pool)<\/figcaption><\/figure>\n\n\n\n<p class=\"wp-block-paragraph\">\u23e9\u00a0<em><strong>\u00a1Seguinos en redes por\u00a0<\/strong><\/em><a href=\"https:\/\/twitter.com\/grandepremioES\"><em>Twitter\u00a0<\/em><\/a><em><strong>e\u00a0<\/strong><\/em><a href=\"https:\/\/www.instagram.com\/grandepremioes\/\"><em>Instagram!<\/em><\/a><br>\u23e9\u00a0<em><strong>Adem\u00e1s, tenemos nuestro\u00a0<\/strong><\/em><a href=\"https:\/\/whatsapp.com\/channel\/0029VaDZ5zb0gcfDxuwxBM05\"><em>canal de Whatsapp<\/em><\/a><em><strong>\u00a0con toda la informaci\u00f3n al instante<\/strong><\/em>\u00a0\ud83c\udfc1<\/p>\n\n\n\n<p class=\"wp-block-paragraph\">Red Bull ha perdido al dise\u00f1ador <strong>Adrian Newey<\/strong>, que llevaba 20 a\u00f1os en el equipo y era responsable de todos los proyectos ganadores de F1 de la escuder\u00eda, que se marcha a <strong>Aston Martin<\/strong>. <strong>Jonathan Wheatley<\/strong>, director deportivo de la escuder\u00eda y segundo al mando, se ha marchado a <strong>Audi<\/strong>. <strong>Will Courtenay<\/strong>, antiguo director de estrategia, se ha ido a McLaren. Eso es s\u00f3lo la gente en puestos directivos.<\/p>\n\n\n\n<p class=\"wp-block-paragraph\">Brown fue m\u00e1s all\u00e1 y puso en duda las posibilidades de Red Bull en <strong>2026<\/strong>, cuando tendr\u00e1 sus propios motores fabricados en asociaci\u00f3n con <strong>Ford<\/strong>.<\/p>\n\n\n\n<p class=\"wp-block-paragraph\">\u00abPara ellos, 2026 representa un reto a\u00fan mayor. Ser\u00e1 la primera vez que tengan su propio motor, y no recuerdo que un equipo con motor propio haya sido inmediatamente competitivo en su primer a\u00f1o. Es un gran interrogante\u00bb, concluy\u00f3.<\/p>\n\n\n\n<p class=\"wp-block-paragraph\">La&nbsp;<strong>F\u00f3rmula 1<\/strong>&nbsp;est\u00e1 oficialmente de vacaciones. La pr\u00f3xima actividad es la \u00fanica sesi\u00f3n de pruebas colectivas de pretemporada, prevista para los d\u00edas 26, 27 y 28 de febrero en&nbsp;<strong>Bahr\u00e9in<\/strong>. La&nbsp;<strong>temporada 2025<\/strong>&nbsp;arranca con el&nbsp;<strong>Gran Premio de Australia<\/strong>, del 14 al 16 de marzo.<\/p>\n\n\n\n<figure class=\"wp-block-embed is-type-video is-provider-youtube wp-block-embed-youtube wp-embed-aspect-16-9 wp-has-aspect-ratio\"><div class=\"wp-block-embed__wrapper\">\n<iframe loading=\"lazy\" title=\"FENESTRAZ VUELVE A JAP\u00d3N Y BUSCA REVANCHA DEPORTIVA\" width=\"500\" height=\"281\" src=\"https:\/\/www.youtube.com\/embed\/g21MbgBPME8?feature=oembed\" frameborder=\"0\" allow=\"accelerometer; autoplay; clipboard-write; encrypted-media; gyroscope; picture-in-picture; web-share\" referrerpolicy=\"strict-origin-when-cross-origin\" allowfullscreen><\/iframe>\n<\/div><\/figure>\n","protected":false},"excerpt":{"rendered":"<p>Zak Brown, CEO de McLaren, ha vuelto a arremeter contra Red Bull y ha se\u00f1alado algunas de las dificultades que ve en el radar de su rival en la F\u00f3rmula 1.<\/p>\n","protected":false},"author":0,"featured_media":1010300953,"comment_status":"closed","ping_status":"closed","sticky":false,"template":"","format":"standard","meta":{"42wp_featured_image_caption":"","42wp_featured_image_credits":"","42wp_featured_video":"","42wp_featured_image_hidden":false,"42wp_authors_list":[],"footnotes":""},"categories":[5],"tags":[742,1710,2111,179,9884,269,206,10874,328],"42wp_author":[14240],"class_list":["post-9772","post","type-post","status-publish","format-standard","has-post-thumbnail","hentry","category-f1","tag-adrian-newey","tag-f1-2025","tag-ford","tag-formula-1","tag-jonathan-weathley","tag-mclaren","tag-red-bull","tag-will-courtenay","tag-zak-brown","42wp_author-ignacio-bogado"],"_links":{"self":[{"href":"https:\/\/grandepremio.com\/es\/wp-json\/wp\/v2\/posts\/9772","targetHints":{"allow":["GET"]}}],"collection":[{"href":"https:\/\/grandepremio.com\/es\/wp-json\/wp\/v2\/posts"}],"about":[{"href":"https:\/\/grandepremio.com\/es\/wp-json\/wp\/v2\/types\/post"}],"replies":[{"embeddable":true,"href":"https:\/\/grandepremio.com\/es\/wp-json\/wp\/v2\/comments?post=9772"}],"version-history":[{"count":0,"href":"https:\/\/grandepremio.com\/es\/wp-json\/wp\/v2\/posts\/9772\/revisions"}],"wp:featuredmedia":[{"embeddable":true,"href":"https:\/\/grandepremio.com\/es\/wp-json\/wp\/v2\/media\/1010300953"}],"wp:attachment":[{"href":"https:\/\/grandepremio.com\/es\/wp-json\/wp\/v2\/media?parent=9772"}],"wp:term":[{"taxonomy":"category","embeddable":true,"href":"https:\/\/grandepremio.com\/es\/wp-json\/wp\/v2\/categories?post=9772"},{"taxonomy":"post_tag","embeddable":true,"href":"https:\/\/grandepremio.com\/es\/wp-json\/wp\/v2\/tags?post=9772"},{"taxonomy":"42wp_author","embeddable":true,"href":"https:\/\/grandepremio.com\/es\/wp-json\/wp\/v2\/42wp_author?post=9772"}],"curies":[{"name":"wp","href":"https:\/\/api.w.org\/{rel}","templated":true}]}}