{"id":9801,"date":"2025-01-07T15:43:40","date_gmt":"2025-01-07T18:43:40","guid":{"rendered":"https:\/\/grandepremio.com\/es\/2025\/01\/07\/ales-loprais-tercera-etapa-camiones-dakar-2025\/"},"modified":"2025-01-07T15:50:01","modified_gmt":"2025-01-07T18:50:01","slug":"ales-loprais-tercera-etapa-camiones-dakar-2025","status":"publish","type":"post","link":"https:\/\/grandepremio.com\/es\/dakar\/ales-loprais-tercera-etapa-camiones-dakar-2025\/","title":{"rendered":"Loprais supera a Zala sobre el final y vence 3\u00aa etapa del Dakar 2025 en camiones"},"content":{"rendered":"\n<p class=\"wp-block-paragraph\"><strong>DAKAR 2025<br>3\u00aa Especial: Bisha \u27a1 Al Henakiyah<br>Tramo de enlace: 466 km<br>Tramo cronometrado: 327 km<br>Recorrido total: 793 km<\/strong><\/p>\n\n\n\n<p class=\"wp-block-paragraph\"><strong>Ales Loprais<\/strong>, junto con su navegante <strong>David Kripal<\/strong> y su mec\u00e1nico <strong>Darek Rodewald,<\/strong> sigue so\u00f1ando con su primer t\u00edtulo en el Dakar. Este martes, el cami\u00f3n #601 gan\u00f3 la tercera etapa de la actual edici\u00f3n del rally entre los camiones, con un tiempo total de 3h36m21s.<\/p>\n\n\n\n<p class=\"wp-block-paragraph\">La carrera comenz\u00f3 con <strong>Martin Mac\u00edk <\/strong>al frente, que pudo abrir una buena ventaja. Poco despu\u00e9s, la lucha pas\u00f3 a estar protagonizada por <strong>Ales Loprais y Vaidotas Zala,<\/strong> y con varios camiones a escasa diferencia. Finalmente, el checo pudo imponerse ante el lituano por solo 53 segundos de diferencia, y tras recorrer 327 kil\u00f3metros cronometrados. <strong>Mitchel van den Brink<\/strong> fue tercero, pero ya a m\u00e1s de dos minutos.<\/p>\n\n\n\n<figure class=\"wp-block-image size-full\"><img decoding=\"async\" src=\"https:\/\/grandepremio.com\/cdn-cgi\/image\/width=893,height=558,fit=contain,gravity=0.5x0.5,quality=75,format=webp\/es\/wp-content\/uploads\/2025\/01\/image-6.png\" alt=\"\" class=\"wp-image-309791\"\/><figcaption class=\"wp-element-caption\">Martin Mac\u00edk sigue como l\u00edder en la general. (Foto: Dakar)<\/figcaption><\/figure>\n\n\n\n<p class=\"wp-block-paragraph\">Mac\u00edk, <a href=\"https:\/\/grandepremio.com\/es\/dakar\/macik-impone-penalizacion-gana-maraton-dakar-2025\/\">ganador de la etapa de 48 horas<\/a>, termin\u00f3 en cuarto lugar, a cinco minutos. Aun as\u00ed, sigue liderando la clasificaci\u00f3n. <strong>Martin Soltys<\/strong> fue quinto, seguido de<strong> Kees Koolen, Richard De Groot, Martin van den Brink, Claudio Bellina y Teruhito Sugawara<\/strong> completando el top-10.<\/p>\n\n\n\n<p class=\"wp-block-paragraph\">En la general, Mac\u00edk sigue en cabeza con un tiempo acumulado de 21:06:10, ahora con Loprais a s\u00f3lo 3:34. Zala ocupa la tercera posici\u00f3n, a 34 minutos del cami\u00f3n l\u00edder.<\/p>\n\n\n\n<p class=\"wp-block-paragraph\"><strong>El Dakar continuar\u00e1 su recorrido este mi\u00e9rcoles hacia la localidad de Alula.Los competidores se enfrentar\u00e1n a un tramo cronometrado de 415 kil\u00f3metros, as\u00ed como a otros 173 kil\u00f3metros de enlace. GRANDE PR\u00caMIO en Espa\u00f1ol ofrece una cobertura completa de todas las categor\u00edas de la prueba.<\/strong><\/p>\n\n\n\n<p class=\"wp-block-paragraph\"><\/p>\n","protected":false},"excerpt":{"rendered":"<p>Ales Loprais se impuso en la tercera etapa del Dakar 2025 en camiones. Martin Mac\u00edk se ubic\u00f3 cuarto, pero sigue como l\u00edder en la clasificaci\u00f3n general.<\/p>\n","protected":false},"author":0,"featured_media":1010309790,"comment_status":"closed","ping_status":"closed","sticky":false,"template":"","format":"standard","meta":{"42wp_featured_image_caption":"","42wp_featured_image_credits":"","42wp_featured_video":"","42wp_featured_image_hidden":false,"42wp_authors_list":[],"footnotes":""},"categories":[16],"tags":[4788,1957,319,10121,11411],"42wp_author":[14223],"class_list":["post-9801","post","type-post","status-publish","format-standard","has-post-thumbnail","hentry","category-dakar","tag-ales-loprais","tag-camiones","tag-dakar","tag-dakar-2025","tag-vaidotas-zala","42wp_author-esteban-nieto"],"_links":{"self":[{"href":"https:\/\/grandepremio.com\/es\/wp-json\/wp\/v2\/posts\/9801","targetHints":{"allow":["GET"]}}],"collection":[{"href":"https:\/\/grandepremio.com\/es\/wp-json\/wp\/v2\/posts"}],"about":[{"href":"https:\/\/grandepremio.com\/es\/wp-json\/wp\/v2\/types\/post"}],"replies":[{"embeddable":true,"href":"https:\/\/grandepremio.com\/es\/wp-json\/wp\/v2\/comments?post=9801"}],"version-history":[{"count":0,"href":"https:\/\/grandepremio.com\/es\/wp-json\/wp\/v2\/posts\/9801\/revisions"}],"wp:featuredmedia":[{"embeddable":true,"href":"https:\/\/grandepremio.com\/es\/wp-json\/wp\/v2\/media\/1010309790"}],"wp:attachment":[{"href":"https:\/\/grandepremio.com\/es\/wp-json\/wp\/v2\/media?parent=9801"}],"wp:term":[{"taxonomy":"category","embeddable":true,"href":"https:\/\/grandepremio.com\/es\/wp-json\/wp\/v2\/categories?post=9801"},{"taxonomy":"post_tag","embeddable":true,"href":"https:\/\/grandepremio.com\/es\/wp-json\/wp\/v2\/tags?post=9801"},{"taxonomy":"42wp_author","embeddable":true,"href":"https:\/\/grandepremio.com\/es\/wp-json\/wp\/v2\/42wp_author?post=9801"}],"curies":[{"name":"wp","href":"https:\/\/api.w.org\/{rel}","templated":true}]}}