{"id":9805,"date":"2025-01-07T13:05:46","date_gmt":"2025-01-07T16:05:46","guid":{"rendered":"https:\/\/grandepremio.com\/es\/2025\/01\/07\/yuki-tsunoda-falta-de-chance-red-bull-formula-1\/"},"modified":"2025-01-07T13:05:52","modified_gmt":"2025-01-07T16:05:52","slug":"yuki-tsunoda-falta-de-chance-red-bull-formula-1","status":"publish","type":"post","link":"https:\/\/grandepremio.com\/es\/f1\/yuki-tsunoda-falta-de-chance-red-bull-formula-1\/","title":{"rendered":"Tsunoda justifica falta de chance en Red Bull: &#8220;No tuve un buen primer a\u00f1o en F1&#8221;"},"content":{"rendered":"\n<p class=\"wp-block-paragraph\">Luego de ser descartado por<strong> Red Bull, <\/strong><a href=\"https:\/\/grandepremio.com\/es\/f1\/sergio-perez-salida-red-bull-rescision-contrato-f1-2025\/\">que eligi\u00f3 a <strong>Liam Lawson <\/strong>para el asiento que dej\u00f3 vacante <strong>Sergio P\u00e9rez<\/strong><\/a><strong>, Yuki Tsunoda<\/strong> reflexion\u00f3 sobre su propia carrera en la <strong>F\u00f3rmula 1<\/strong> y atribuy\u00f3 parte de la falta de oportunidades en el equipo puntero a su compleja primera temporada en la categor\u00eda. Aun as\u00ed, asegur\u00f3 que seguir\u00e1 trabajando para \u00abdemostrar que se equivocan\u00bb.<\/p>\n\n\n\n<p class=\"wp-block-paragraph\">Tsunoda lleg\u00f3 a la F1 en 2021 con un fuerte apoyo del programa de pilotos de <strong>Honda<\/strong>, proveedor de motores de <strong>Red Bull. <\/strong>Desde entonces, defendi\u00f3 al equipo sat\u00e9lite en la base de <strong>Milton Keynes<\/strong> y en 2024 fue un candidato a tomar el relevo cuando P\u00e9rez fue destituido. Sin embargo, los austr\u00edacos eligieron a Lawson para formar equipo con <strong>Max Verstappen<\/strong>, mientras que el asi\u00e1tico tendr\u00e1 como compa\u00f1ero al novato<strong> Isack Hadjar.<\/strong> <\/p>\n\n\n\n<figure class=\"wp-block-image size-large\"><img decoding=\"async\" src=\"https:\/\/grandepremio.com\/cdn-cgi\/image\/width=893,height=558,fit=contain,gravity=0.5x0.5,quality=75,format=webp\/es\/wp-content\/uploads\/2025\/01\/SI202412100608-1-1024x683.jpg\" alt=\"\" class=\"wp-image-309767\"\/><figcaption class=\"wp-element-caption\">Yuki Tsunoda prob\u00f3 el auto de Red Bull en Abu Dhabi, pero no fue elegido como compa\u00f1ero de Max Verstappen. (Foto: Getty Images \/ Red Bull Content Pool)<\/figcaption><\/figure>\n\n\n\n<p class=\"wp-block-paragraph\">Frente a este nuevo escenario, Tsunoda habl\u00f3 con la web brit\u00e1nica Autosport, y justific\u00f3 que su no elecci\u00f3n en la escuder\u00eda principal se debi\u00f3 a su falta de adaptaci\u00f3n como novato en el entonces equipo <strong>AlphaTauri. <\/strong><\/p>\n\n\n\n<p class=\"wp-block-paragraph\">\u00abCreo que en parte es culpa m\u00eda, porque no consegu\u00ed tener un buen el primer a\u00f1o\u00bb, comenz\u00f3 el piloto. \u00abCre\u00f3 un poco de imagen de qui\u00e9n soy\u00bb, subray\u00f3.<\/p>\n\n\n\n<p class=\"wp-block-paragraph\"><strong><em>\u00a1Todas las novedades te esperan en el canal de\u00a0<a href=\"https:\/\/www.youtube.com\/@GrandePremioES\" target=\"_blank\" rel=\"noreferrer noopener\">YouTube<\/a>\u00a0de Grande Pr\u00eamio en Espa\u00f1ol!<\/em><\/strong><\/p>\n\n\n\n<figure class=\"wp-block-image size-large\"><img decoding=\"async\" src=\"https:\/\/grandepremio.com\/cdn-cgi\/image\/width=893,height=558,fit=contain,gravity=0.5x0.5,quality=75,format=webp\/es\/wp-content\/uploads\/2025\/01\/SI202412190307-1024x683.jpg\" alt=\"\" class=\"wp-image-309768\"\/><figcaption class=\"wp-element-caption\">Red Bull eligi\u00f3 a Liam Lawson como nuevo compa\u00f1ero de Max Verstappen para 2025. (Foto: Getty Images \/ Red Bull Content Pool)<\/figcaption><\/figure>\n\n\n\n<p class=\"wp-block-paragraph\"><strong><em>\u00a1Seguinos en redes por\u00a0<a href=\"https:\/\/twitter.com\/grandepremioES\" target=\"_blank\" rel=\"noreferrer noopener\">Twitter\u00a0<\/a>e\u00a0<a href=\"https:\/\/www.instagram.com\/grandepremioes\/\" target=\"_blank\" rel=\"noreferrer noopener\">Instagram!<\/a><\/em><\/strong><br><strong><em>Adem\u00e1s, tenemos nuestro\u00a0<a href=\"https:\/\/whatsapp.com\/channel\/0029VaDZ5zb0gcfDxuwxBM05\" target=\"_blank\" rel=\"noreferrer noopener\">canal de Whatsapp<\/a>\u00a0con toda la informaci\u00f3n al instante<\/em><\/strong><\/p>\n\n\n\n<p class=\"wp-block-paragraph\">\u00abEn 2024, aunque tuve un buen rendimiento, siento que no obtuve el mismo cr\u00e9dito que los dem\u00e1s pilotos, pero eso pasa. Naturalmente, sigo haciendo mi trabajo y rindiendo para demostrarles que se equivocan\u00bb, a\u00f1adi\u00f3.<\/p>\n\n\n\n<p class=\"wp-block-paragraph\">\u00abIntento darles menos excusas o razones para no estar en el asiento [de P\u00e9rez]. As\u00ed que me centro en lo que puedo controlar y, aparte de eso, acepto la situaci\u00f3n. Estoy seguro de que puedo hacer un trabajo mejor que el que est\u00e1n pensando\u00bb, concluy\u00f3 Tsunoda.<\/p>\n\n\n\n<p class=\"wp-block-paragraph\"><strong>La pr\u00f3xima actividad de la F\u00f3rmula 1 es la pretemporada, prevista para los d\u00edas 26, 27 y 28 de febrero en Bahr\u00e9in. El calendario 2025 comienza con el Gran Premio de Australia, del 14 al 16 de marzo.<\/strong><\/p>\n\n\n\n<figure class=\"wp-block-embed is-type-video is-provider-youtube wp-block-embed-youtube wp-embed-aspect-16-9 wp-has-aspect-ratio\"><div class=\"wp-block-embed__wrapper\">\n<iframe loading=\"lazy\" title=\"P\u00c9REZ Y RED BULL, UNA RUPTURA ANUNCIADA EN LA F1 2024\" width=\"500\" height=\"281\" src=\"https:\/\/www.youtube.com\/embed\/W5hAgUWrgeY?feature=oembed\" frameborder=\"0\" allow=\"accelerometer; autoplay; clipboard-write; encrypted-media; gyroscope; picture-in-picture; web-share\" referrerpolicy=\"strict-origin-when-cross-origin\" allowfullscreen><\/iframe>\n<\/div><\/figure>\n","protected":false},"excerpt":{"rendered":"<p>Yuki Tsunoda consider\u00f3 que su no elecci\u00f3n para el asiento dejado por Sergio P\u00e9rez en Red Bull se debi\u00f3 a su compleja adaptaci\u00f3n en su a\u00f1o de debut en F1 en 2021. <\/p>\n","protected":false},"author":0,"featured_media":1010309766,"comment_status":"closed","ping_status":"closed","sticky":false,"template":"","format":"standard","meta":{"42wp_featured_image_caption":"","42wp_featured_image_credits":"","42wp_featured_video":"","42wp_featured_image_hidden":false,"42wp_authors_list":[],"footnotes":""},"categories":[5],"tags":[181,2249,179,249,9881,206,368],"42wp_author":[14223],"class_list":["post-9805","post","type-post","status-publish","format-standard","has-post-thumbnail","hentry","category-f1","tag-f1","tag-f1-2024","tag-formula-1","tag-max-verstappen","tag-rb","tag-red-bull","tag-yuki-tsunoda","42wp_author-esteban-nieto"],"_links":{"self":[{"href":"https:\/\/grandepremio.com\/es\/wp-json\/wp\/v2\/posts\/9805","targetHints":{"allow":["GET"]}}],"collection":[{"href":"https:\/\/grandepremio.com\/es\/wp-json\/wp\/v2\/posts"}],"about":[{"href":"https:\/\/grandepremio.com\/es\/wp-json\/wp\/v2\/types\/post"}],"replies":[{"embeddable":true,"href":"https:\/\/grandepremio.com\/es\/wp-json\/wp\/v2\/comments?post=9805"}],"version-history":[{"count":0,"href":"https:\/\/grandepremio.com\/es\/wp-json\/wp\/v2\/posts\/9805\/revisions"}],"wp:featuredmedia":[{"embeddable":true,"href":"https:\/\/grandepremio.com\/es\/wp-json\/wp\/v2\/media\/1010309766"}],"wp:attachment":[{"href":"https:\/\/grandepremio.com\/es\/wp-json\/wp\/v2\/media?parent=9805"}],"wp:term":[{"taxonomy":"category","embeddable":true,"href":"https:\/\/grandepremio.com\/es\/wp-json\/wp\/v2\/categories?post=9805"},{"taxonomy":"post_tag","embeddable":true,"href":"https:\/\/grandepremio.com\/es\/wp-json\/wp\/v2\/tags?post=9805"},{"taxonomy":"42wp_author","embeddable":true,"href":"https:\/\/grandepremio.com\/es\/wp-json\/wp\/v2\/42wp_author?post=9805"}],"curies":[{"name":"wp","href":"https:\/\/api.w.org\/{rel}","templated":true}]}}