{"id":9828,"date":"2025-01-06T12:09:15","date_gmt":"2025-01-06T15:09:15","guid":{"rendered":"https:\/\/grandepremio.com\/es\/2025\/01\/06\/jazeed-al-rajhi-etapa-maraton-dakar-autos\/"},"modified":"2025-01-06T12:42:00","modified_gmt":"2025-01-06T15:42:00","slug":"jazeed-al-rajhi-etapa-maraton-dakar-autos","status":"publish","type":"post","link":"https:\/\/grandepremio.com\/es\/dakar\/jazeed-al-rajhi-etapa-maraton-dakar-autos\/","title":{"rendered":"Al-Rajhi se mantiene al frente y vence etapa de 48 horas del Dakar 2025 en autos"},"content":{"rendered":"\n<p class=\"wp-block-paragraph\"><strong>2\u00aa Etapa: Bisha \u27a1 Bisha<br>Tramo de enlace: 45 km<br>Tramo cronometrado: 947 km<br>Recorrido total: 992 km<\/strong><\/p>\n\n\n\n<p class=\"wp-block-paragraph\">Despu\u00e9s de haber quedado al frente en la primera parte de la etapa marat\u00f3n del <strong>Dakar 2025,<\/strong> que comenz\u00f3 este domingo en Bisha,<strong> Arabia Saudita, Yazeed Al-Rajhi <\/strong>confirm\u00f3 su favoritismo y fue el gran vencedor al completar el tramo cronometrado de 947 km en 10h56m54s. <\/p>\n\n\n\n<p class=\"wp-block-paragraph\"><strong>Nasser Al-Attiyah,<\/strong> varias veces ganador del Dakar, empez\u00f3 el d\u00eda en segunda posici\u00f3n, pero fue superado por <strong>Henk Lategan<\/strong>, que pas\u00f3 de cuarto a escolta con un tiempo de 11h01min10s. Su ventaja sobre Al-Attiyah fue de 2m13s, mientras que el argentino <strong>Juan Cruz Yacopini y Rokas Baciuska,<\/strong> ambos compa\u00f1eros de equipo de Al-Rajhi en <strong>Overdrive,<\/strong> completaron los cinco primeros puestos.<\/p>\n\n\n\n<p class=\"wp-block-paragraph\"><strong><em>\u00a1Todas las novedades te esperan en el canal de&nbsp;<a href=\"https:\/\/www.youtube.com\/@GrandePremioES\" target=\"_blank\" rel=\"noreferrer noopener\">YouTube<\/a>&nbsp;de Grande Pr\u00eamio en Espa\u00f1ol!<\/em><\/strong><\/p>\n\n\n\n<figure class=\"wp-block-embed is-type-video is-provider-youtube wp-block-embed-youtube wp-embed-aspect-16-9 wp-has-aspect-ratio\"><div class=\"wp-block-embed__wrapper\">\n<iframe loading=\"lazy\" title=\"\u00bfQUI\u00c9NES SON LOS CANDIDATOS A GANAR EL DAKAR 2025?\" width=\"500\" height=\"281\" src=\"https:\/\/www.youtube.com\/embed\/sgnEfTTdO1k?feature=oembed\" frameborder=\"0\" allow=\"accelerometer; autoplay; clipboard-write; encrypted-media; gyroscope; picture-in-picture; web-share\" referrerpolicy=\"strict-origin-when-cross-origin\" allowfullscreen><\/iframe>\n<\/div><\/figure>\n\n\n\n<p class=\"wp-block-paragraph\">Por otra parte, el vigente campe\u00f3n del Dakar, <strong>Carlos Sainz,<\/strong> sufri\u00f3 un vuelco el domingo y complic\u00f3 seriamente sus chances de repetir victoria en esta edici\u00f3n. El espa\u00f1ol termin\u00f3 el marat\u00f3n en 36\u00aa posici\u00f3n.<\/p>\n\n\n\n<figure class=\"wp-block-video\"><video class=\"video-js vjs-big-play-centered\" data-gp-vjs=\"1\" controls src=\"https:\/\/grandepremio.com\/es\/wp-content\/uploads\/2025\/01\/ssstwitter.com_1736080367687.mp4\"><\/video><figcaption class=\"wp-element-caption\">El coche de Carlos Sainz sufri\u00f3 da\u00f1os tras un vuelco en el primer d\u00eda de la etapa de 48 Horas. (Video: Reproducci\u00f3n\/X)<\/figcaption><\/figure>\n\n\n\n<p class=\"wp-block-paragraph\"><strong><em>\u00a1Seguinos en redes por&nbsp;<a href=\"https:\/\/twitter.com\/grandepremioES\" target=\"_blank\" rel=\"noreferrer noopener\">Twitter&nbsp;<\/a>e&nbsp;<a href=\"https:\/\/www.instagram.com\/grandepremioes\/\" target=\"_blank\" rel=\"noreferrer noopener\">Instagram!<\/a><\/em><\/strong><br><strong><em>Adem\u00e1s, tenemos nuestro&nbsp;<a href=\"https:\/\/whatsapp.com\/channel\/0029VaDZ5zb0gcfDxuwxBM05\" target=\"_blank\" rel=\"noreferrer noopener\">canal de Whatsapp<\/a>&nbsp;con toda la informaci\u00f3n al instante<\/em><\/strong><\/p>\n\n\n\n<p class=\"wp-block-paragraph\">Una vez finalizada esta etapa, Lategan, de Toyota, se sit\u00faa como l\u00edder de la general con un tiempo de 15:40:30. M\u00e1s atr\u00e1s en el clasificador se encuentran Al-Rajhi (15:45:15), Al-Attiyah (15:51:44), Toby Price (15:52:14) y Mattias Ekstr\u00f6m (15:53:46). <\/p>\n\n\n\n<p class=\"wp-block-paragraph\"><strong>Cavigliasso, protagonista en Challenger<\/strong><\/p>\n\n\n\n<figure class=\"wp-block-image size-large\"><img decoding=\"async\" src=\"https:\/\/grandepremio.com\/cdn-cgi\/image\/width=893,height=558,fit=contain,gravity=0.5x0.5,quality=75,format=webp\/es\/wp-content\/uploads\/2025\/01\/image-5-1024x682.png\" alt=\"\" class=\"wp-image-309533\"\/><figcaption class=\"wp-element-caption\">Nicol\u00e1s Cavigliasso lidera la categor\u00edas Challenger del Dakar. (Foto: Dakar)<\/figcaption><\/figure>\n\n\n\n<p class=\"wp-block-paragraph\">La dupla argentina compuesta por el argentino Nicol\u00e1s Cavigliasso y Valentina Pertegarini llegaron al frente en la etapa de 48 horas de la categor\u00eda Challenger. Sin embargo, una penalizaci\u00f3n de tres minutos por exceder los l\u00edmites de velocidad con Taurus T3Max, por lo que qued\u00f3 como escolta del neerland\u00e9s Paul Spiering. <\/p>\n\n\n\n<p class=\"wp-block-paragraph\">De todas maneras, Cavigliasso es l\u00edder en la general con un tiempo de 16:45:02, seguidos por el portugu\u00e9s Gon\u00e7alo Guerreiro y por el estadounidense Corbin Leaverton.<\/p>\n\n\n\n<p class=\"wp-block-paragraph\">El Rally Dakar abandona Bisha por primera vez el martes, cuando se dirige hacia Al Henakiyah. Los competidores se enfrentar\u00e1n a un tramo cronometrado de 496 kil\u00f3metros, para recorrer un total de 848 kil\u00f3metros en la jornada.<\/p>\n\n\n\n<p class=\"wp-block-paragraph\"><strong>Dakar, D\u00eda 3, Autos:<\/strong><\/p>\n\n\n\n<figure class=\"wp-block-table\"><table class=\"has-fixed-layout\"><tbody><tr><td>Y Al-Rajhi \/ T Gottschalk<\/td><td>OVERDRIVE RACING<\/td><td>10h56min54s<\/td><td><\/td><\/tr><tr><td>H Lategan \/ B Cummings<\/td><td>TOYOTA GAZOO RACING<\/td><td>11h01min10s<\/td><td>00h 04&#8217;16&#8221;<\/td><\/tr><tr><td>N Al-Attiyah \/ E Boulanger<\/td><td>THE DACIA SANDRIDERS<\/td><td>11h03min23s<\/td><td>00h 06\u2032 29\u201d<\/td><\/tr><tr><td>J Yacopini \/ D Oliveras<\/td><td>OVERDRIVE RACING<\/td><td>11h03min39s<\/td><td>00h 06\u2032 45\u201d<\/td><\/tr><tr><td>R Baciuska \/ O Mena<\/td><td>OVERDRIVE RACING<\/td><td>11h06min11s<\/td><td>00h 09\u2032 17\u201d<\/td><\/tr><tr><td>M Serradori \/ L Minaudier<\/td><td>CENTURY RACING FACTORY TEAM<\/td><td>11h07min53s<\/td><td>00h 10\u2032 59\u201d<\/td><\/tr><tr><td>S Loeb \/ F Lurquin<\/td><td>THE DACIA SANDRIDERS<\/td><td>11h10min02s<\/td><td>00h 13\u2032 08\u201d<\/td><\/tr><tr><td>M Ekstr\u00f6m \/ E Bergkvist<\/td><td>FORD M-SPORT<\/td><td>11h10min36s<\/td><td>00h 13\u2032 42\u201d<\/td><\/tr><tr><td>T Price \/ S Sunderland<\/td><td>OVERDRIVE RACING<\/td><td>11h11min08s<\/td><td>00h 14\u2032 14\u201d<\/td><\/tr><tr><td>B Vanagas \/ S Gospodarczyk<\/td><td>GURTAM TOYOTA GAZOO RACING BALTICS<\/td><td>11h19min55s<\/td><td>00h 23\u2032 01\u201d<\/td><\/tr><\/tbody><\/table><\/figure>\n\n\n\n<p class=\"wp-block-paragraph\"><\/p>\n","protected":false},"excerpt":{"rendered":"<p>El local Jazeed Al-Rajhi se impuso con su Toyota en la etapa marat\u00f3n del Dakar 2025 en autos. Henk Lategan lidera la clasificaci\u00f3n general. <\/p>\n","protected":false},"author":0,"featured_media":1010309514,"comment_status":"closed","ping_status":"closed","sticky":false,"template":"","format":"standard","meta":{"42wp_featured_image_caption":"","42wp_featured_image_credits":"","42wp_featured_video":"","42wp_featured_image_hidden":false,"42wp_authors_list":[],"footnotes":""},"categories":[16],"tags":[319,10121,4940],"42wp_author":[14223],"class_list":["post-9828","post","type-post","status-publish","format-standard","has-post-thumbnail","hentry","category-dakar","tag-dakar","tag-dakar-2025","tag-jazeed-al-rajhi","42wp_author-esteban-nieto"],"_links":{"self":[{"href":"https:\/\/grandepremio.com\/es\/wp-json\/wp\/v2\/posts\/9828","targetHints":{"allow":["GET"]}}],"collection":[{"href":"https:\/\/grandepremio.com\/es\/wp-json\/wp\/v2\/posts"}],"about":[{"href":"https:\/\/grandepremio.com\/es\/wp-json\/wp\/v2\/types\/post"}],"replies":[{"embeddable":true,"href":"https:\/\/grandepremio.com\/es\/wp-json\/wp\/v2\/comments?post=9828"}],"version-history":[{"count":0,"href":"https:\/\/grandepremio.com\/es\/wp-json\/wp\/v2\/posts\/9828\/revisions"}],"wp:featuredmedia":[{"embeddable":true,"href":"https:\/\/grandepremio.com\/es\/wp-json\/wp\/v2\/media\/1010309514"}],"wp:attachment":[{"href":"https:\/\/grandepremio.com\/es\/wp-json\/wp\/v2\/media?parent=9828"}],"wp:term":[{"taxonomy":"category","embeddable":true,"href":"https:\/\/grandepremio.com\/es\/wp-json\/wp\/v2\/categories?post=9828"},{"taxonomy":"post_tag","embeddable":true,"href":"https:\/\/grandepremio.com\/es\/wp-json\/wp\/v2\/tags?post=9828"},{"taxonomy":"42wp_author","embeddable":true,"href":"https:\/\/grandepremio.com\/es\/wp-json\/wp\/v2\/42wp_author?post=9828"}],"curies":[{"name":"wp","href":"https:\/\/api.w.org\/{rel}","templated":true}]}}