{"id":9832,"date":"2025-01-06T10:59:52","date_gmt":"2025-01-06T13:59:52","guid":{"rendered":"https:\/\/grandepremio.com\/es\/2025\/01\/06\/verstappen-dice-esperaba-2024-dificil-augura-5-equipos-lucha-f1-2025\/"},"modified":"2025-01-06T10:59:56","modified_gmt":"2025-01-06T13:59:56","slug":"verstappen-dice-esperaba-2024-dificil-augura-5-equipos-lucha-f1-2025","status":"publish","type":"post","link":"https:\/\/grandepremio.com\/es\/f1\/verstappen-dice-esperaba-2024-dificil-augura-5-equipos-lucha-f1-2025\/","title":{"rendered":"Verstappen dice que se esperaba un 2024 dif\u00edcil y augura &#8220;5 equipos en lucha&#8221; en 2025"},"content":{"rendered":"\n<p class=\"wp-block-paragraph\">La <strong>F1 2024<\/strong> comenz\u00f3 con el dominio de <strong>Max Verstappen<\/strong>, que gan\u00f3 siete de las 10 primeras carreras de la temporada, pero el <strong>RB20 <\/strong>fue perdiendo rendimiento, lo que volvi\u00f3 el a\u00f1o muy complicado para <strong>Red Bull<\/strong> y para el campe\u00f3n del mundo, aunque acab\u00f3 asegur\u00e1ndose el t\u00edtulo en el <strong>GP de Las Vegas<\/strong>, con dos grandes premios para el final del calendario.<\/p>\n\n\n\n<p class=\"wp-block-paragraph\">\ud83d\udfe5&nbsp;<em><strong>\u00a1Todas las novedades te esperan en el canal de&nbsp;<\/strong><\/em><a href=\"https:\/\/www.youtube.com\/@GrandePremioES\"><em>YouTube<\/em><\/a><em><strong>&nbsp;de Grande Pr\u00eamio en Espa\u00f1ol!<\/strong><\/em>&nbsp;\ud83d\udfe8<\/p>\n\n\n\n<p class=\"wp-block-paragraph\">Verstappen dijo en una entrevista con Blick que ya sent\u00eda que hab\u00eda <strong>\u00abun problema mayor\u00bb<\/strong> despu\u00e9s de sus tres primeras victorias, que llegaron en los <strong>GP de Bahrein<\/strong>, Arabia Saudita y Jap\u00f3n. En medio de esta secuencia, en Australia, sufri\u00f3 su primer contratiempo del a\u00f1o y tuvo que retirarse al inicio de la carrera tras salir desde la pole position.<\/p>\n\n\n\n<p class=\"wp-block-paragraph\">Por esta raz\u00f3n, Max pensaba que tendr\u00eda dificultades, sin estar seguro de cual era el problema exactamente en el monoplaza: <strong>\u201cS\u00ed, porque incluso con un buen comienzo, no todo fue tan f\u00e1cil como parec\u00eda. Despu\u00e9s de tres victorias, sab\u00edamos que ten\u00edamos un problema mayor. Lo malo era que no entend\u00edamos qu\u00e9 estaba fallando\u201d.<\/strong><\/p>\n\n\n\n<figure class=\"wp-block-embed is-type-video is-provider-youtube wp-block-embed-youtube wp-embed-aspect-16-9 wp-has-aspect-ratio\"><div class=\"wp-block-embed__wrapper\">\n<iframe loading=\"lazy\" title=\"FENESTRAZ VUELVE A JAP\u00d3N Y BUSCA REVANCHA DEPORTIVA\" width=\"500\" height=\"281\" src=\"https:\/\/www.youtube.com\/embed\/g21MbgBPME8?feature=oembed\" frameborder=\"0\" allow=\"accelerometer; autoplay; clipboard-write; encrypted-media; gyroscope; picture-in-picture; web-share\" referrerpolicy=\"strict-origin-when-cross-origin\" allowfullscreen><\/iframe>\n<\/div><\/figure>\n\n\n\n<p class=\"wp-block-paragraph\">De cara a la temporada 2025, el tetracampe\u00f3n del mundo asegur\u00f3 que podr\u00eda verse a varios equipos luchando por victorias y por el t\u00edtulo en la F\u00f3rmula 1, en el \u00faltimo a\u00f1o de la actual reglamentaci\u00f3n t\u00e9cnica, iniciada en 2022:<strong> \u201cNo tengo una bola de cristal, pero si conseguimos corregir algunos puntos d\u00e9biles durante el invierno, volveremos a estar en cabeza. Pero no voy a hacer predicciones. Cinco equipos deber\u00edan estar luchando en cabeza\u201d.<\/strong><br><br><strong>\u201cLos puntos d\u00e9biles se han reducido. A menudo nos faltaba el equilibrio necesario, porque sencillamente no pod\u00edamos entrar en la peque\u00f1a ventana de temperatura. As\u00ed que acabas vagando un poco violentamente\u201d<\/strong>, concluy\u00f3.<\/p>\n\n\n\n<p class=\"wp-block-paragraph\">\u23e9&nbsp;<em><strong>\u00a1Seguinos en redes por&nbsp;<\/strong><\/em><a href=\"https:\/\/twitter.com\/grandepremioES\"><em>Twitter&nbsp;<\/em><\/a><em><strong>e&nbsp;<\/strong><\/em><a href=\"https:\/\/www.instagram.com\/grandepremioes\/\"><em>Instagram!<\/em><\/a><br>\u23e9&nbsp;<em><strong>Adem\u00e1s, tenemos nuestro&nbsp;<\/strong><\/em><a href=\"https:\/\/whatsapp.com\/channel\/0029VaDZ5zb0gcfDxuwxBM05\"><em>canal de Whatsapp<\/em><\/a><em><strong>&nbsp;con toda la informaci\u00f3n al instante<\/strong><\/em>&nbsp;\ud83c\udfc1<\/p>\n\n\n\n<p class=\"wp-block-paragraph\">La F\u00f3rmula 1 volver\u00e1 para las pruebas de pretemporada, previstas en Bahr\u00e9in entre el 26 y el 28 de febrero. La temporada 2025 comienza con el Gran Premio de Australia, del 14 al 16 de marzo.<\/p>\n","protected":false},"excerpt":{"rendered":"<p>Max Verstappen dijo que esperaba una temporada complicada en 2024, incluso despu\u00e9s de ganar siete de las diez primeras carreras, e imagina que 2025 ser\u00e1 tan competitivo como el a\u00f1o pasado.<\/p>\n","protected":false},"author":0,"featured_media":1010309492,"comment_status":"closed","ping_status":"closed","sticky":false,"template":"","format":"standard","meta":{"42wp_featured_image_caption":"","42wp_featured_image_credits":"","42wp_featured_video":"","42wp_featured_image_hidden":false,"42wp_authors_list":[],"footnotes":""},"categories":[5],"tags":[2249,179,2315,2138,249,9712,206],"42wp_author":[14237],"class_list":["post-9832","post","type-post","status-publish","format-standard","has-post-thumbnail","hentry","category-f1","tag-f1-2024","tag-formula-1","tag-gp-de-bahrein-2","tag-gp-de-las-vegas","tag-max-verstappen","tag-rb20","tag-red-bull","42wp_author-gabriel-garcia"],"_links":{"self":[{"href":"https:\/\/grandepremio.com\/es\/wp-json\/wp\/v2\/posts\/9832","targetHints":{"allow":["GET"]}}],"collection":[{"href":"https:\/\/grandepremio.com\/es\/wp-json\/wp\/v2\/posts"}],"about":[{"href":"https:\/\/grandepremio.com\/es\/wp-json\/wp\/v2\/types\/post"}],"replies":[{"embeddable":true,"href":"https:\/\/grandepremio.com\/es\/wp-json\/wp\/v2\/comments?post=9832"}],"version-history":[{"count":0,"href":"https:\/\/grandepremio.com\/es\/wp-json\/wp\/v2\/posts\/9832\/revisions"}],"wp:featuredmedia":[{"embeddable":true,"href":"https:\/\/grandepremio.com\/es\/wp-json\/wp\/v2\/media\/1010309492"}],"wp:attachment":[{"href":"https:\/\/grandepremio.com\/es\/wp-json\/wp\/v2\/media?parent=9832"}],"wp:term":[{"taxonomy":"category","embeddable":true,"href":"https:\/\/grandepremio.com\/es\/wp-json\/wp\/v2\/categories?post=9832"},{"taxonomy":"post_tag","embeddable":true,"href":"https:\/\/grandepremio.com\/es\/wp-json\/wp\/v2\/tags?post=9832"},{"taxonomy":"42wp_author","embeddable":true,"href":"https:\/\/grandepremio.com\/es\/wp-json\/wp\/v2\/42wp_author?post=9832"}],"curies":[{"name":"wp","href":"https:\/\/api.w.org\/{rel}","templated":true}]}}