{"id":9833,"date":"2025-01-06T09:59:18","date_gmt":"2025-01-06T12:59:18","guid":{"rendered":"https:\/\/grandepremio.com\/es\/2025\/01\/06\/sainz-ve-alejadas-opciones-victoria-dakar-tras-vuelco\/"},"modified":"2025-01-06T12:20:09","modified_gmt":"2025-01-06T15:20:09","slug":"sainz-ve-alejadas-opciones-victoria-dakar-tras-vuelco","status":"publish","type":"post","link":"https:\/\/grandepremio.com\/es\/dakar\/sainz-ve-alejadas-opciones-victoria-dakar-tras-vuelco\/","title":{"rendered":"Sainz ve alejadas sus opciones de victoria en el Dakar tras su vuelco: \u00abTodo ha salido mal\u00bb"},"content":{"rendered":"\n<p class=\"wp-block-paragraph\">El sue\u00f1o de un quinto t\u00edtulo del <strong>Dakar <\/strong>en 2025 est\u00e1 pr\u00e1cticamente acabado para <strong>Carlos Sainz<\/strong>. Tras volcar en la primera mitad de la marat\u00f3n del domingo, el veterano espa\u00f1ol acept\u00f3 que a\u00fan queda mucha carrera por delante, pero cree que no hay ninguna posibilidad de ganar la competici\u00f3n.<\/p>\n\n\n\n<p class=\"wp-block-paragraph\">El accidente se produjo en el kil\u00f3metro 327 de los 971 previstos. Sainz circulaba por una zona arenosa a la salida de las dunas cuando volc\u00f3. Las im\u00e1genes oficiales de la retransmisi\u00f3n del Dakar mostraban la parte trasera del coche muy da\u00f1ada, pero \u00e9l y su navegante, <strong>Lucas Cruz<\/strong>, tambi\u00e9n perdieron parte del carenado delantero.<\/p>\n\n\n\n<p class=\"wp-block-paragraph\">Sainz recibi\u00f3 ayuda de su compa\u00f1ero de <strong>Ford<\/strong>, <strong>Mitch Guthrie Jr.<\/strong>, que lo ayud\u00f3 a arrancar el <strong>Ford Raptor T1+<\/strong> y a continuar con la competici\u00f3n. Sin embargo, perdi\u00f3 mucho m\u00e1s tiempo del esperado, ya que tambi\u00e9n tuvo un pinchazo y problemas de navegaci\u00f3n. En total, se qued\u00f3 a m\u00e1s de una hora del l\u00edder de la clasificaci\u00f3n general.<\/p>\n\n\n\n<p class=\"wp-block-paragraph\">\ud83d\udfe5&nbsp;<em><strong>\u00a1Todas las novedades te esperan en el canal de&nbsp;<\/strong><\/em><a href=\"https:\/\/www.youtube.com\/@GrandePremioES\"><em>YouTube<\/em><\/a><em><strong>&nbsp;de Grande Pr\u00eamio en Espa\u00f1ol!<\/strong><\/em>&nbsp;\ud83d\udfe8<\/p>\n\n\n\n<figure class=\"wp-block-video\"><video class=\"video-js vjs-big-play-centered\" data-gp-vjs=\"1\" controls src=\"https:\/\/grandepremio.com\/es\/wp-content\/uploads\/2025\/01\/ssstwitter.com_1736080367687.mp4\"><\/video><figcaption class=\"wp-element-caption\">El coche de Carlos Sainz sufri\u00f3 da\u00f1os tras un vuelco en el primer d\u00eda de la etapa de 48 Horas. (Video: Reproducci\u00f3n\/X)<\/figcaption><\/figure>\n\n\n\n<p class=\"wp-block-paragraph\">\u00abEl resumen es que todo sali\u00f3 mal\u00bb, comenz\u00f3 Sainz al llegar al final de la marat\u00f3n. \u00abAyer tuvimos el accidente y perdimos mucho tiempo. Luego nos perdimos en un sitio, y esta ma\u00f1ana hemos tenido otro pinchazo, as\u00ed que hemos perdido mucho tiempo en un sitio donde no encontr\u00e1bamos el camino\u00bb, subray\u00f3.<\/p>\n\n\n\n<p class=\"wp-block-paragraph\">\u00abSon dos d\u00edas para olvidar, dos d\u00edas muy dif\u00edciles de aceptar, y justo al principio de la carrera\u2026 pero son cosas que pasan, y ahora tenemos que seguir adelante, intentar ayudar al equipo y aprender lo m\u00e1ximo posible\u00bb, a\u00f1adi\u00f3.<\/p>\n\n\n\n<p class=\"wp-block-paragraph\">En total hay 12 especiales, lo que significa que quedan diez m\u00e1s hasta <strong>Shubaytah<\/strong>, donde finaliza el Dakar. Pero mientras el jefe de <strong>M-Sport<\/strong>, <strong>Malcolm Wilson<\/strong>, se mostraba optimista al afirmar que quedaba \u00abun largo camino por recorrer\u00bb, el tetracampe\u00f3n era m\u00e1s realista.<\/p>\n\n\n\n<p class=\"wp-block-paragraph\">\u00abTodav\u00eda queda mucha carrera por delante. Por supuesto que mis posibilidades de ganar se han acabado, pero, como he dicho, si puedo ayudar al equipo, puedo aprender y probar algo, mejor\u00bb, subray\u00f3.<\/p>\n\n\n\n<figure class=\"wp-block-embed is-type-video is-provider-youtube wp-block-embed-youtube wp-embed-aspect-16-9 wp-has-aspect-ratio\"><div class=\"wp-block-embed__wrapper\">\n<iframe loading=\"lazy\" title=\"FENESTRAZ VUELVE A JAP\u00d3N Y BUSCA REVANCHA DEPORTIVA\" width=\"500\" height=\"281\" src=\"https:\/\/www.youtube.com\/embed\/g21MbgBPME8?feature=oembed\" frameborder=\"0\" allow=\"accelerometer; autoplay; clipboard-write; encrypted-media; gyroscope; picture-in-picture; web-share\" referrerpolicy=\"strict-origin-when-cross-origin\" allowfullscreen><\/iframe>\n<\/div><\/figure>\n\n\n\n<p class=\"wp-block-paragraph\">\u23e9\u00a0<em><strong>\u00a1Seguinos en redes por\u00a0<\/strong><\/em><a href=\"https:\/\/twitter.com\/grandepremioES\"><em>Twitter\u00a0<\/em><\/a><em><strong>e\u00a0<\/strong><\/em><a href=\"https:\/\/www.instagram.com\/grandepremioes\/\"><em>Instagram!<\/em><\/a><br>\u23e9\u00a0<em><strong>Adem\u00e1s, tenemos nuestro\u00a0<\/strong><\/em><a href=\"https:\/\/whatsapp.com\/channel\/0029VaDZ5zb0gcfDxuwxBM05\"><em>canal de Whatsapp<\/em><\/a><em><strong>\u00a0con toda la informaci\u00f3n al instante<\/strong><\/em>\u00a0\ud83c\udfc1<\/p>\n\n\n\n<p class=\"wp-block-paragraph\">\u00abSab\u00edamos que esta etapa de <strong>48 horas<\/strong> ser\u00eda decisiva. Lo era para nosotros y tambi\u00e9n para los dem\u00e1s, pero as\u00ed son las cosas. Ha sido as\u00ed, nos ha tocado a nosotros, y quiz\u00e1s ha sido un comienzo de rally muy dif\u00edcil\u00bb, continu\u00f3.<\/p>\n\n\n\n<p class=\"wp-block-paragraph\">Por \u00faltimo, al comentar las posibilidades de al menos ganar especiales, dijo que le \u00abduele un poco la espalda\u00bb, pero que nada le impedir\u00e1 darlo todo a partir de ahora. \u00abQuiero recuperarme, tanto emocional como f\u00edsicamente, e intentar ayudar al equipo. Si puedo ganar una especial, a\u00fan mejor\u00bb.<\/p>\n\n\n\n<p class=\"wp-block-paragraph\">\u00abMe duele un poco la espalda, est\u00e1 un poco dolorida, pero no creo que sea nada fuera de lo normal, s\u00f3lo el golpe\u00bb, concluy\u00f3.<\/p>\n\n\n\n<p class=\"wp-block-paragraph\">El marat\u00f3n termin\u00f3 el martes por la ma\u00f1ana (6) con la victoria de <strong>Yazeed Al-Rajhi<\/strong>. Sainz s\u00f3lo fue 36\u00ba.<\/p>\n","protected":false},"excerpt":{"rendered":"<p>Carlos Sainz est\u00e1 de acuerdo en que todav\u00eda queda mucha carrera por delante y que podr\u00eda ganar una especial, pero se muestra realista al comentar sus posibilidades de ganar un quinto t\u00edtulo en el Dakar.<\/p>\n","protected":false},"author":0,"featured_media":1010309485,"comment_status":"closed","ping_status":"closed","sticky":false,"template":"","format":"standard","meta":{"42wp_featured_image_caption":"","42wp_featured_image_credits":"","42wp_featured_video":"","42wp_featured_image_hidden":false,"42wp_authors_list":[],"footnotes":""},"categories":[16],"tags":[302,10121,2111,11406,4919,3067,11407,1956],"42wp_author":[14240],"class_list":["post-9833","post","type-post","status-publish","format-standard","has-post-thumbnail","hentry","category-dakar","tag-carlos-sainz","tag-dakar-2025","tag-ford","tag-ford-raptor-t1","tag-lucas-cruz","tag-m-sport","tag-mitchel-guthrie","tag-rally-dakar","42wp_author-ignacio-bogado"],"_links":{"self":[{"href":"https:\/\/grandepremio.com\/es\/wp-json\/wp\/v2\/posts\/9833","targetHints":{"allow":["GET"]}}],"collection":[{"href":"https:\/\/grandepremio.com\/es\/wp-json\/wp\/v2\/posts"}],"about":[{"href":"https:\/\/grandepremio.com\/es\/wp-json\/wp\/v2\/types\/post"}],"replies":[{"embeddable":true,"href":"https:\/\/grandepremio.com\/es\/wp-json\/wp\/v2\/comments?post=9833"}],"version-history":[{"count":0,"href":"https:\/\/grandepremio.com\/es\/wp-json\/wp\/v2\/posts\/9833\/revisions"}],"wp:featuredmedia":[{"embeddable":true,"href":"https:\/\/grandepremio.com\/es\/wp-json\/wp\/v2\/media\/1010309485"}],"wp:attachment":[{"href":"https:\/\/grandepremio.com\/es\/wp-json\/wp\/v2\/media?parent=9833"}],"wp:term":[{"taxonomy":"category","embeddable":true,"href":"https:\/\/grandepremio.com\/es\/wp-json\/wp\/v2\/categories?post=9833"},{"taxonomy":"post_tag","embeddable":true,"href":"https:\/\/grandepremio.com\/es\/wp-json\/wp\/v2\/tags?post=9833"},{"taxonomy":"42wp_author","embeddable":true,"href":"https:\/\/grandepremio.com\/es\/wp-json\/wp\/v2\/42wp_author?post=9833"}],"curies":[{"name":"wp","href":"https:\/\/api.w.org\/{rel}","templated":true}]}}