{"id":9838,"date":"2025-01-05T13:29:22","date_gmt":"2025-01-05T16:29:22","guid":{"rendered":"https:\/\/grandepremio.com\/es\/2025\/01\/05\/daniel-sanders-ktm-lider-primera-parte-etapa-maraton-rally-dakar-2025\/"},"modified":"2025-01-05T13:29:26","modified_gmt":"2025-01-05T16:29:26","slug":"daniel-sanders-ktm-lider-primera-parte-etapa-maraton-rally-dakar-2025","status":"publish","type":"post","link":"https:\/\/grandepremio.com\/es\/rally\/daniel-sanders-ktm-lider-primera-parte-etapa-maraton-rally-dakar-2025\/","title":{"rendered":"Sanders lidera primera parte de la etapa marat\u00f3n del Dakar 2025; Benavides, 9\u00b0"},"content":{"rendered":"\n<p class=\"wp-block-paragraph\"><strong>Daniel Sanders<\/strong> mantiene su dominio en el <strong>Rally Dakar 2025.<\/strong> El piloto australiano de <strong>KTM<\/strong>, que gan\u00f3 el pr\u00f3logo y la primera etapa de la prueba en <strong>Arabia Saudita<\/strong>, fue el l\u00edder en la primera parte de la segunda etapa, la \u00fanica con formato \u00abmarat\u00f3n\u00bb del evento.<\/p>\n\n\n\n<p class=\"wp-block-paragraph\">\ud83d\udfe5<em><strong>\u00a1Todas las novedades te esperan en el canal de&nbsp;<\/strong><\/em><a href=\"https:\/\/www.youtube.com\/@GrandePremioES\"><em>YouTube<\/em><\/a><em><strong>&nbsp;de Grande Pr\u00eamio en Espa\u00f1ol!<\/strong><\/em>&nbsp;\ud83d\udfe8<\/p>\n\n\n\n<p class=\"wp-block-paragraph\">Con sede en <strong>Bisha<\/strong>, donde se inici\u00f3 la carrera y se desarrollaron los primeros tramos, la etapa de 965 kil\u00f3metros cronometrados se dividir\u00e1 en dos secciones y los pilotos deber\u00e1n pasar la noche del domingo en uno de los campamentos dispuestos por la organizaci\u00f3n. La acci\u00f3n se reanudar\u00e1 el lunes para completar el recorrido establecido.<\/p>\n\n\n\n<p class=\"wp-block-paragraph\"><strong>Sanders <\/strong>lleg\u00f3 al campamento despu\u00e9s de 7h41min56 s de recorrido por el desierto, manteniendo una distancia de 40 segundos sobre el estadounidense <strong>Ricky Brabec<\/strong>, escolta del piloto de <strong>KTM <\/strong>en la clasificaci\u00f3n general. El tercer puesto fue para el botsuano <strong>Ross Branch<\/strong>, seguido por los pilotos de <strong>Honda, Tosha Schareina<\/strong> y <strong>Skyler Howes<\/strong>.<\/p>\n\n\n\n<p class=\"wp-block-paragraph\">El sudafricano <strong>Michael Docherty<\/strong> acab\u00f3 sexto, seguido por <strong>Edgar Canet<\/strong> y el chileno <strong>Pablo Quintanilla<\/strong>, quien con su octava posici\u00f3n se coloca como el mejor representante latinoamericano en la categor\u00eda de motos. El argentino <strong>Luciano Benavides<\/strong> y <strong>Adrien Van Beveren<\/strong> completaron el top 10, mientras que <strong>Kevin Benavides<\/strong> se ubic\u00f3 decimos\u00e9ptimo al final de la jornada.<\/p>\n\n\n\n<p class=\"wp-block-paragraph\">\u23e9\u00a0<em><strong>\u00a1Seguinos en redes por\u00a0<\/strong><\/em><a href=\"https:\/\/twitter.com\/grandepremioES\"><em>Twitter\u00a0<\/em><\/a><em><strong>e\u00a0<\/strong><\/em><a href=\"https:\/\/www.instagram.com\/grandepremioes\/\"><em>Instagram!<\/em><\/a><br>\u23e9\u00a0<em><strong>Adem\u00e1s, tenemos nuestro\u00a0<\/strong><\/em><a href=\"https:\/\/whatsapp.com\/channel\/0029VaDZ5zb0gcfDxuwxBM05\"><em>canal de Whatsapp<\/em><\/a><em><strong>\u00a0con toda la informaci\u00f3n al instante<\/strong><\/em>\u00a0\ud83c\udfc1<\/p>\n\n\n\n<figure class=\"wp-block-image size-full\"><img decoding=\"async\" src=\"https:\/\/grandepremio.com\/es\/wp-content\/uploads\/2025\/01\/eda5c.jpg\" alt=\"\" class=\"wp-image-309457\"\/><figcaption class=\"wp-element-caption\">Luciano Benavides finaliz\u00f3 noveno en la primera parte de la segunda etapa del Dakar 2025 (Foto: ASO)<\/figcaption><\/figure>\n\n\n\n<p class=\"wp-block-paragraph\">En la categor\u00eda SSV, <strong>Brock Heger <\/strong>super\u00f3 a<strong> Xavier de Soultrait<\/strong> y fue el l\u00edder de la primera secci\u00f3n de la etapa, extendiendo a 4min17s su liderazgo en la clasificaci\u00f3n general. <strong>Florent Vayssade<\/strong> complet\u00f3 el podio en tercera posici\u00f3n, a trece segundos del l\u00edder. <\/p>\n\n\n\n<p class=\"wp-block-paragraph\"><strong>Alexandre Pinto, Enrico Gaspari, Joao Dias, Gerard Farr\u00e9s, Hunter Miller, Manuel And\u00fajar <\/strong>y <strong>Gregory Lefort<\/strong> completaron los diez primeros puestos en la clasificaci\u00f3n provisional. El argentino <strong>And\u00fajar<\/strong>, ganador de la edici\u00f3n 2024 en quads, pudo recuperarse en la segunda etapa luego del retraso de tres horas sufrido el s\u00e1bado y acab\u00f3 noveno el domingo. <\/p>\n\n\n\n<p class=\"wp-block-paragraph\">El chileno <strong>Francisco L\u00f3pez <\/strong>perdi\u00f3 terreno y concluy\u00f3 decimocuarto. <strong>Jerem\u00edas Gonz\u00e1lez Ferioli<\/strong> fue decimosexto, mientras que <strong>Sebasti\u00e1n Guayasam\u00edn<\/strong> y <strong>Diego Mart\u00ednez<\/strong> finalizaron 33\u00b0 y 36\u00b0, respectivamente. <\/p>\n\n\n\n<p class=\"wp-block-paragraph\">El <strong>Rally Dakar<\/strong> vuelve a la acci\u00f3n el lunes por la ma\u00f1ana, con la conclusi\u00f3n de la segunda etapa de la competencia en <strong>Bisha<\/strong>. GRANDE PREMIO en ESPA\u00d1OL sigue todas las actividades de la carrera EN VIVO y en TIEMPO REAL.<\/p>\n\n\n\n<figure class=\"wp-block-embed is-type-video is-provider-youtube wp-block-embed-youtube wp-embed-aspect-16-9 wp-has-aspect-ratio\"><div class=\"wp-block-embed__wrapper\">\n<iframe loading=\"lazy\" title=\"FENESTRAZ VUELVE A JAP\u00d3N Y BUSCA REVANCHA DEPORTIVA\" width=\"500\" height=\"281\" src=\"https:\/\/www.youtube.com\/embed\/g21MbgBPME8?feature=oembed\" frameborder=\"0\" allow=\"accelerometer; autoplay; clipboard-write; encrypted-media; gyroscope; picture-in-picture; web-share\" referrerpolicy=\"strict-origin-when-cross-origin\" allowfullscreen><\/iframe>\n<\/div><\/figure>\n","protected":false},"excerpt":{"rendered":"<p>Daniel Sanders dobleg\u00f3 nuevamente a Ricky Brabec y lidera la segunda etapa del Rally Dakar en Arabia Saudita, que concluir\u00e1 ma\u00f1ana. Luciano Benavides fue noveno en motos, mientras que Brock Heger domina en SSV<\/p>\n","protected":false},"author":0,"featured_media":1010309458,"comment_status":"closed","ping_status":"closed","sticky":false,"template":"","format":"standard","meta":{"42wp_featured_image_caption":"","42wp_featured_image_credits":"","42wp_featured_video":"","42wp_featured_image_hidden":false,"42wp_authors_list":[],"footnotes":""},"categories":[9],"tags":[9471,2008,1488,11399,221,4981,11400,9727,1966,1381,4924,1988,1987,1956,11341,9470],"42wp_author":[14239],"class_list":["post-9838","post","type-post","status-publish","format-standard","has-post-thumbnail","hentry","category-rally","tag-campeonato-mundial-de-rally-raid","tag-daniel-sanders","tag-grande-premio","tag-hero","tag-honda","tag-husqvarna","tag-jeremias-gonzalez-ferioli-3","tag-jose-ignacio-cornejo","tag-kevin-benavides","tag-ktm","tag-luciano-benavides","tag-manuel-andujar","tag-pablo-quintanilla","tag-rally-dakar","tag-rally-dakar-2025","tag-w2rc","42wp_author-jp-otrosky"],"_links":{"self":[{"href":"https:\/\/grandepremio.com\/es\/wp-json\/wp\/v2\/posts\/9838","targetHints":{"allow":["GET"]}}],"collection":[{"href":"https:\/\/grandepremio.com\/es\/wp-json\/wp\/v2\/posts"}],"about":[{"href":"https:\/\/grandepremio.com\/es\/wp-json\/wp\/v2\/types\/post"}],"replies":[{"embeddable":true,"href":"https:\/\/grandepremio.com\/es\/wp-json\/wp\/v2\/comments?post=9838"}],"version-history":[{"count":0,"href":"https:\/\/grandepremio.com\/es\/wp-json\/wp\/v2\/posts\/9838\/revisions"}],"wp:featuredmedia":[{"embeddable":true,"href":"https:\/\/grandepremio.com\/es\/wp-json\/wp\/v2\/media\/1010309458"}],"wp:attachment":[{"href":"https:\/\/grandepremio.com\/es\/wp-json\/wp\/v2\/media?parent=9838"}],"wp:term":[{"taxonomy":"category","embeddable":true,"href":"https:\/\/grandepremio.com\/es\/wp-json\/wp\/v2\/categories?post=9838"},{"taxonomy":"post_tag","embeddable":true,"href":"https:\/\/grandepremio.com\/es\/wp-json\/wp\/v2\/tags?post=9838"},{"taxonomy":"42wp_author","embeddable":true,"href":"https:\/\/grandepremio.com\/es\/wp-json\/wp\/v2\/42wp_author?post=9838"}],"curies":[{"name":"wp","href":"https:\/\/api.w.org\/{rel}","templated":true}]}}