{"id":9855,"date":"2025-01-04T11:25:14","date_gmt":"2025-01-04T14:25:14","guid":{"rendered":"https:\/\/grandepremio.com\/es\/2025\/01\/04\/todt-revela-invitacion-schumacher-jefe-ferrari-f1\/"},"modified":"2025-01-04T14:38:24","modified_gmt":"2025-01-04T17:38:24","slug":"todt-revela-invitacion-schumacher-jefe-ferrari-f1","status":"publish","type":"post","link":"https:\/\/grandepremio.com\/es\/f1\/todt-revela-invitacion-schumacher-jefe-ferrari-f1\/","title":{"rendered":"Todt revela la invitaci\u00f3n a Schumacher para ser jefe de Ferrari en F1: &#8220;Rechaz\u00f3 la oferta&#8221;"},"content":{"rendered":"\n<p class=\"wp-block-paragraph\">Si hubo una asociaci\u00f3n exitosa en la <strong>F\u00f3rmula 1 <\/strong>esa fue la que uni\u00f3 entre 1996 y 2006 a<strong> Ferrari<\/strong> y a <strong>Michael Schumacher<\/strong>, con cinco t\u00edtulos del mundo consecutivos para el piloto alem\u00e1n (entre 2000 y 2004) y otros seis de constructores, haciendo del equipo italiano una fuerza imbatible en la categor\u00eda.<\/p>\n\n\n\n<p class=\"wp-block-paragraph\">\ud83d\udfe5&nbsp;<em><strong>\u00a1Todas las novedades te esperan en el canal de&nbsp;<\/strong><\/em><a href=\"https:\/\/www.youtube.com\/@GrandePremioES\"><em>YouTube<\/em><\/a><em><strong>&nbsp;de Grande Pr\u00eamio en Espa\u00f1ol!<\/strong><\/em>&nbsp;\ud83d\udfe8<\/p>\n\n\n\n<p class=\"wp-block-paragraph\">En la semana en la que Schumacher cumpli\u00f3 a\u00f1os, aunque no se sabe a ciencia cierta su actual estado de salud, el jefe de equipo de Ferrari en los a\u00f1os de gloria, <strong>Jean Todt<\/strong>, revel\u00f3 que pensaba en Michael como su sucesor para continuar con el camino que se hab\u00eda empezado a trazar a mitad de la d\u00e9cada de 1990. Acerca de esto, el ex presidente de la <strong>FIA<\/strong> dijo que ofert\u00f3 el cargo al siete veces campe\u00f3n, pero que la misma fue rechazada.<\/p>\n\n\n\n<p class=\"wp-block-paragraph\"><strong>\u201cMichael Schumacher era el mejor candidato, pero rechaz\u00f3 la oferta<\/strong>\u201d, revel\u00f3 Todt, que reuni\u00f3 a un espectaculae equipo fuera de la pista, encabezados por <strong>Ross Brawn<\/strong> y <strong>Rory Byrne<\/strong>, adem\u00e1s de Schumacher. Inicialmente, el segundo piloto fue <strong>Eddie Irvine<\/strong> hasta que lleg\u00f3 <strong>Rubens Barrichello<\/strong> en el 2000.<\/p>\n\n\n\n<figure class=\"wp-block-embed is-type-video is-provider-youtube wp-block-embed-youtube wp-embed-aspect-16-9 wp-has-aspect-ratio\"><div class=\"wp-block-embed__wrapper\">\n<iframe loading=\"lazy\" title=\"FENESTRAZ VUELVE A JAP\u00d3N Y BUSCA REVANCHA DEPORTIVA\" width=\"500\" height=\"281\" src=\"https:\/\/www.youtube.com\/embed\/g21MbgBPME8?feature=oembed\" frameborder=\"0\" allow=\"accelerometer; autoplay; clipboard-write; encrypted-media; gyroscope; picture-in-picture; web-share\" referrerpolicy=\"strict-origin-when-cross-origin\" allowfullscreen><\/iframe>\n<\/div><\/figure>\n\n\n\n<p class=\"wp-block-paragraph\">Como Todt ya ve\u00eda posible llegar a presidir la Federaci\u00f3n Internacional del Autom\u00f3vil, el directivo volc\u00f3 sus esfuerzos en esa campa\u00f1a y, por ello, renunci\u00f3 como jefe de Ferrari, pero el sucesor no fue \u201cSchumi\u201d, como \u00e9l hubiera querido, sino que fue <strong>Stefano Domenicali<\/strong>, actual CEO de la F1.<\/p>\n\n\n\n<p class=\"wp-block-paragraph\">Tras la salida de Todt, a finales de 2007, Schumacher declar\u00f3 al<em> International Herald Tribune<\/em> que se preguntaba si podr\u00eda ser tan eficaz como Todt en su papel de jefe de Ferrari. Sin embargo, pronto se dio cuenta de que el trabajo no era para \u00e9l: <strong>\u201cVi cu\u00e1nta dedicaci\u00f3n y pasi\u00f3n pon\u00eda en su trabajo estando en Maranello todos los d\u00edas, incluso los fines de semana. As\u00ed que me pregunt\u00e9: &#8216;\u00bfPuedo con ello?&#8217; La respuesta fue sencilla: &#8216;No&#8217;\u201d.<\/strong><\/p>\n\n\n\n<p class=\"wp-block-paragraph\">\u23e9&nbsp;<em><strong>\u00a1Seguinos en redes por&nbsp;<\/strong><\/em><a href=\"https:\/\/twitter.com\/grandepremioES\"><em>Twitter&nbsp;<\/em><\/a><em><strong>e&nbsp;<\/strong><\/em><a href=\"https:\/\/www.instagram.com\/grandepremioes\/\"><em>Instagram!<\/em><\/a><br>\u23e9&nbsp;<em><strong>Adem\u00e1s, tenemos nuestro&nbsp;<\/strong><\/em><a href=\"https:\/\/whatsapp.com\/channel\/0029VaDZ5zb0gcfDxuwxBM05\"><em>canal de Whatsapp<\/em><\/a><em><strong>&nbsp;con toda la informaci\u00f3n al instante<\/strong><\/em>&nbsp;\ud83c\udfc1<\/p>\n\n\n\n<p class=\"wp-block-paragraph\">La F\u00f3rmula 1 volver\u00e1 para las pruebas de pretemporada, previstas en Bahr\u00e9in entre el 26 y el 28 de febrero. La temporada 2025 comienza con el Gran Premio de Australia, del 14 al 16 de marzo.<\/p>\n","protected":false},"excerpt":{"rendered":"<p>Jean Todt dirigi\u00f3 los destinos de Ferrari durante los a\u00f1os m\u00e1s exitosos del equipo en la F\u00f3rmula 1 y ve\u00eda a Michael Schumacher como su sucesor ideal como jefe de la escuder\u00eda de Maranello, pero esto no ocurri\u00f3 y el franc\u00e9s coment\u00f3 el motivo.<\/p>\n","protected":false},"author":0,"featured_media":1010309351,"comment_status":"closed","ping_status":"closed","sticky":false,"template":"","format":"standard","meta":{"42wp_featured_image_caption":"","42wp_featured_image_credits":"","42wp_featured_video":"","42wp_featured_image_hidden":false,"42wp_authors_list":[],"footnotes":""},"categories":[5],"tags":[3491,185,263,179,1375,188,3425,570,229,789],"42wp_author":[14237],"class_list":["post-9855","post","type-post","status-publish","format-standard","has-post-thumbnail","hentry","category-f1","tag-eddie-irvine","tag-ferrari","tag-fia","tag-formula-1","tag-jean-todt","tag-michael-schumacher","tag-rory-byrne","tag-ross-brawn","tag-rubens-barrichello","tag-stefano-domenicali","42wp_author-gabriel-garcia"],"_links":{"self":[{"href":"https:\/\/grandepremio.com\/es\/wp-json\/wp\/v2\/posts\/9855","targetHints":{"allow":["GET"]}}],"collection":[{"href":"https:\/\/grandepremio.com\/es\/wp-json\/wp\/v2\/posts"}],"about":[{"href":"https:\/\/grandepremio.com\/es\/wp-json\/wp\/v2\/types\/post"}],"replies":[{"embeddable":true,"href":"https:\/\/grandepremio.com\/es\/wp-json\/wp\/v2\/comments?post=9855"}],"version-history":[{"count":0,"href":"https:\/\/grandepremio.com\/es\/wp-json\/wp\/v2\/posts\/9855\/revisions"}],"wp:featuredmedia":[{"embeddable":true,"href":"https:\/\/grandepremio.com\/es\/wp-json\/wp\/v2\/media\/1010309351"}],"wp:attachment":[{"href":"https:\/\/grandepremio.com\/es\/wp-json\/wp\/v2\/media?parent=9855"}],"wp:term":[{"taxonomy":"category","embeddable":true,"href":"https:\/\/grandepremio.com\/es\/wp-json\/wp\/v2\/categories?post=9855"},{"taxonomy":"post_tag","embeddable":true,"href":"https:\/\/grandepremio.com\/es\/wp-json\/wp\/v2\/tags?post=9855"},{"taxonomy":"42wp_author","embeddable":true,"href":"https:\/\/grandepremio.com\/es\/wp-json\/wp\/v2\/42wp_author?post=9855"}],"curies":[{"name":"wp","href":"https:\/\/api.w.org\/{rel}","templated":true}]}}