{"id":9881,"date":"2025-01-02T11:24:12","date_gmt":"2025-01-02T14:24:12","guid":{"rendered":"https:\/\/grandepremio.com\/es\/2025\/01\/02\/ericsson-detalla-preparacion-ganar-indy-2025\/"},"modified":"2025-01-02T11:24:15","modified_gmt":"2025-01-02T14:24:15","slug":"ericsson-detalla-preparacion-ganar-indy-2025","status":"publish","type":"post","link":"https:\/\/grandepremio.com\/es\/indy\/ericsson-detalla-preparacion-ganar-indy-2025\/","title":{"rendered":"Ericsson habla de &#8220;coche dif\u00edcil&#8221; y detalla la preparaci\u00f3n para ganar en la Indy 2025"},"content":{"rendered":"\n<p class=\"wp-block-paragraph\"><strong>Marcus Ericsson <\/strong>lleg\u00f3 con muchas expectativas al equipo<strong> Andretti<\/strong> de la <strong>IndyCar<\/strong> tras sus victorias con <strong>Ganassi<\/strong>, incluida la <strong>Indy 500<\/strong> de 2022, pero no ha sido el mejor a\u00f1o el 2024 y solo acab\u00f3 15\u00b0 en el campeonato, en el marco de un a\u00f1o algo complicado para \u00e9l y para <strong>Kyle Kirkwood<\/strong>, uno de sus compa\u00f1eros, que fue s\u00e9ptimo.<\/p>\n\n\n\n<p class=\"wp-block-paragraph\">\ud83d\udfe5&nbsp;<em><strong>\u00a1Todas las novedades te esperan en el canal de&nbsp;<\/strong><\/em><a href=\"https:\/\/www.youtube.com\/@GrandePremioES\"><em>YouTube<\/em><\/a><em><strong>&nbsp;de Grande Pr\u00eamio en Espa\u00f1ol!<\/strong><\/em>&nbsp;\ud83d\udfe8<\/p>\n\n\n\n<p class=\"wp-block-paragraph\">Por su parte, el sueco vio como <strong>Colton Herta<\/strong>, el tercer auto de la escuder\u00eda, trep\u00f3 al final de temporada hasta el subcampeonato. Tras lo que supuso una importante decepci\u00f3n, el ex piloto de <strong>Sauber<\/strong> dijo que la unidad de potencia h\u00edbrida le hizo m\u00e1s complicado el manejo del auto por el aumento del peso del coche, pero que ya se prepara con todo para el 2025.<\/p>\n\n\n\n<p class=\"wp-block-paragraph\">Durante una entrevista con <em>Racer<\/em>, Marcus habl\u00f3 de su preparaci\u00f3n f\u00edsica: <strong>\u201cTengo que hacer algo durante la pretemporada m\u00e1s larga de la historia. Los coches se han vuelto m\u00e1s dif\u00edciles de conducir con los h\u00edbridos, que han a\u00f1adido m\u00e1s peso. Definitivamente se ha vuelto m\u00e1s complicado. He ganado unos 4,5 kg de m\u00fasculo, lo que es importante para m\u00ed. Empec\u00e9 [esta preparaci\u00f3n] durante la temporada, pero he aumentado el trabajo desde el final del campeonato\u201d.<\/strong><\/p>\n\n\n\n<figure class=\"wp-block-embed is-type-video is-provider-youtube wp-block-embed-youtube wp-embed-aspect-16-9 wp-has-aspect-ratio\"><div class=\"wp-block-embed__wrapper\">\n<iframe loading=\"lazy\" title=\"\u00bfQUI\u00c9NES SON LOS CANDIDATOS A GANAR EL DAKAR 2025?\" width=\"500\" height=\"281\" src=\"https:\/\/www.youtube.com\/embed\/sgnEfTTdO1k?feature=oembed\" frameborder=\"0\" allow=\"accelerometer; autoplay; clipboard-write; encrypted-media; gyroscope; picture-in-picture; web-share\" referrerpolicy=\"strict-origin-when-cross-origin\" allowfullscreen><\/iframe>\n<\/div><\/figure>\n\n\n\n<p class=\"wp-block-paragraph\"><strong>\u201cNo creo en la mala suerte. Tengo que prepararme para el \u00e9xito. As\u00ed que se trata de trabajar duro en todos los \u00e1mbitos. Ese es el camino, incluido el aspecto mental, ser disciplinado. Mi entrenador mental tiene un plan para que mejore cada d\u00eda, cada semana y est\u00e9 listo para St Pete. Estoy listo para empezar\u201d<\/strong>, a\u00f1adi\u00f3 Ericsson.<\/p>\n\n\n\n<p class=\"wp-block-paragraph\">Ericsson es consciente de que acaba su contrato a finales del 2025 y debe convencer con resultados a <strong>Dan Towriss<\/strong>, el nuevo director del equipo, y a <strong>Rob Edwards<\/strong>, el jefe de operaciones, de que se puede ganar el sueldo en Andretti: <strong>\u201cTiene mucho que ver con eso. A veces hay que dar un paso atr\u00e1s para dar un salto. En 2024 no ha ido como yo quer\u00eda. Pero ahora se trata de c\u00f3mo reaccionar, y eso es lo que construye a un piloto y a una persona. No es que no estuviera trabajando duro, pero me da una motivaci\u00f3n extra. Como todo el mundo sabe, puedo rendir y ganar carreras\u201d.<\/strong><\/p>\n\n\n\n<p class=\"wp-block-paragraph\">Por \u00faltimo, el sueco admiti\u00f3 que solo una buena preparaci\u00f3n f\u00edsica y mental le permitir\u00e1 volver a ganar en la IndyCar: <strong>\u201cEs el primer campeonato que no gano desde hace unos a\u00f1os, lo cual es una mierda. Quiero volver a ganar y luchar en lo m\u00e1s alto. Eso no va a ocurrir si me limito a decir &#8216;ojal\u00e1 el a\u00f1o que viene fuera mejor&#8217;. S\u00f3lo el trabajo duro en todos los aspectos me lo permitir\u00e1. Ha sido divertido. Ser f\u00edsicamente m\u00e1s fuerte me hace mentalmente mejor, y viceversa. Estoy entusiasmado con lo que viene\u201d.<\/strong><\/p>\n\n\n\n<p class=\"wp-block-paragraph\">\u23e9&nbsp;<em><strong>\u00a1Seguinos en redes por&nbsp;<\/strong><\/em><a href=\"https:\/\/twitter.com\/grandepremioES\"><em>Twitter&nbsp;<\/em><\/a><em><strong>e&nbsp;<\/strong><\/em><a href=\"https:\/\/www.instagram.com\/grandepremioes\/\"><em>Instagram!<\/em><\/a><br>\u23e9&nbsp;<em><strong>Adem\u00e1s, tenemos nuestro&nbsp;<\/strong><\/em><a href=\"https:\/\/whatsapp.com\/channel\/0029VaDZ5zb0gcfDxuwxBM05\"><em>canal de Whatsapp<\/em><\/a><em><strong>&nbsp;con toda la informaci\u00f3n al instante<\/strong><\/em>&nbsp;\ud83c\udfc1<\/p>\n\n\n\n<p class=\"wp-block-paragraph\">La Indy volver\u00e1 entre el 28 de febrero y el 2 de marzo, con la apertura de la temporada 2025 en las calles de St. Petersburg, Florida.<\/p>\n","protected":false},"excerpt":{"rendered":"<p>Marcus Ericsson admite que rindi\u00f3 por debajo de lo esperado en 2024 y afronta su \u00faltimo a\u00f1o del actual contrato con ganas de reaccionar en la parte deportiva dentro del equipo Andretti de la IndyCar.<\/p>\n","protected":false},"author":0,"featured_media":1010309090,"comment_status":"closed","ping_status":"closed","sticky":false,"template":"","format":"standard","meta":{"42wp_featured_image_caption":"","42wp_featured_image_credits":"","42wp_featured_video":"","42wp_featured_image_hidden":false,"42wp_authors_list":[],"footnotes":""},"categories":[7],"tags":[597,736,10887,987,619,310,2297,1532,4820,497],"42wp_author":[14237],"class_list":["post-9881","post","type-post","status-publish","format-standard","has-post-thumbnail","hentry","category-indy","tag-andretti","tag-colton-herta","tag-dan-towriss","tag-ganassi","tag-indy-500","tag-indycar","tag-kyle-kirkwood","tag-marcus-ericsson","tag-rob-edwards","tag-sauber","42wp_author-gabriel-garcia"],"_links":{"self":[{"href":"https:\/\/grandepremio.com\/es\/wp-json\/wp\/v2\/posts\/9881","targetHints":{"allow":["GET"]}}],"collection":[{"href":"https:\/\/grandepremio.com\/es\/wp-json\/wp\/v2\/posts"}],"about":[{"href":"https:\/\/grandepremio.com\/es\/wp-json\/wp\/v2\/types\/post"}],"replies":[{"embeddable":true,"href":"https:\/\/grandepremio.com\/es\/wp-json\/wp\/v2\/comments?post=9881"}],"version-history":[{"count":0,"href":"https:\/\/grandepremio.com\/es\/wp-json\/wp\/v2\/posts\/9881\/revisions"}],"wp:featuredmedia":[{"embeddable":true,"href":"https:\/\/grandepremio.com\/es\/wp-json\/wp\/v2\/media\/1010309090"}],"wp:attachment":[{"href":"https:\/\/grandepremio.com\/es\/wp-json\/wp\/v2\/media?parent=9881"}],"wp:term":[{"taxonomy":"category","embeddable":true,"href":"https:\/\/grandepremio.com\/es\/wp-json\/wp\/v2\/categories?post=9881"},{"taxonomy":"post_tag","embeddable":true,"href":"https:\/\/grandepremio.com\/es\/wp-json\/wp\/v2\/tags?post=9881"},{"taxonomy":"42wp_author","embeddable":true,"href":"https:\/\/grandepremio.com\/es\/wp-json\/wp\/v2\/42wp_author?post=9881"}],"curies":[{"name":"wp","href":"https:\/\/api.w.org\/{rel}","templated":true}]}}