{"id":151,"date":"2026-08-20T09:06:14","date_gmt":"2026-08-20T12:06:14","guid":{"rendered":"https:\/\/grandepremio.com\/th\/?p=151"},"modified":"2026-08-20T09:06:15","modified_gmt":"2026-08-20T12:06:15","slug":"fermin-aldeguer-%e0%b8%82-ducati-%e0%b8%a3%e0%b8%96%e0%b8%9a%e0%b8%b2%e0%b8%99%e0%b9%83%e0%b8%99%e0%b9%81%e0%b8%97%e0%b8%a3%e0%b8%81-%e0%b8%9e%e0%b8%a3%e0%b8%ad%e0%b8%a1%e0%b9%80%e0%b8%9e%e0%b8%a1","status":"publish","type":"post","link":"https:\/\/grandepremio.com\/th\/motogp\/fermin-aldeguer-%e0%b8%82-ducati-%e0%b8%a3%e0%b8%96%e0%b8%9a%e0%b8%b2%e0%b8%99%e0%b9%83%e0%b8%99%e0%b9%81%e0%b8%97%e0%b8%a3%e0%b8%81-%e0%b8%9e%e0%b8%a3%e0%b8%ad%e0%b8%a1%e0%b9%80%e0%b8%9e%e0%b8%a1\/","title":{"rendered":"Aldeguer \u0e02\u0e35\u0e48 Ducati \u0e23\u0e16\u0e1a\u0e49\u0e32\u0e19\u0e43\u0e19\u0e41\u0e17\u0e23\u0e47\u0e01 \u0e1e\u0e23\u0e49\u0e2d\u0e21\u0e40\u0e1e\u0e34\u0e48\u0e21\u0e42\u0e2d\u0e01\u0e32\u0e2a\u0e04\u0e31\u0e21\u0e41\u0e1a\u0e47\u0e01\u0e2a\u0e19\u0e32\u0e21 Aragon: &#8220;\u0e43\u0e01\u0e25\u0e49\u0e01\u0e25\u0e31\u0e1a\u0e21\u0e32\u0e41\u0e25\u0e49\u0e27&#8221;"},"content":{"rendered":"\n<h3 class=\"wp-block-heading\">Key Takeaways (\u0e1b\u0e23\u0e30\u0e40\u0e14\u0e47\u0e19\u0e2a\u0e33\u0e04\u0e31\u0e0d)<\/h3>\n\n\n\n<ul class=\"wp-block-list\">\n<li><strong>\u0e2b\u0e27\u0e19\u0e04\u0e37\u0e19\u0e2a\u0e19\u0e32\u0e21\u0e0b\u0e49\u0e2d\u0e21:<\/strong> Aldeguer \u0e01\u0e25\u0e31\u0e1a\u0e21\u0e32\u0e02\u0e35\u0e48\u0e21\u0e2d\u0e40\u0e15\u0e2d\u0e23\u0e4c\u0e44\u0e0b\u0e04\u0e4c\u0e40\u0e1b\u0e47\u0e19\u0e04\u0e23\u0e31\u0e49\u0e07\u0e41\u0e23\u0e01\u0e19\u0e31\u0e1a\u0e15\u0e31\u0e49\u0e07\u0e41\u0e15\u0e48\u0e44\u0e14\u0e49\u0e23\u0e31\u0e1a\u0e1a\u0e32\u0e14\u0e40\u0e08\u0e47\u0e1a \u0e42\u0e14\u0e22\u0e43\u0e0a\u0e49\u0e23\u0e16\u0e2a\u0e1b\u0e2d\u0e23\u0e4c\u0e15 Ducati Panigale V2 \u0e43\u0e19\u0e01\u0e32\u0e23\u0e0b\u0e49\u0e2d\u0e21\u0e17\u0e35\u0e48\u0e2a\u0e19\u0e32\u0e21 Cartagena \u0e1b\u0e23\u0e30\u0e40\u0e17\u0e28\u0e2a\u0e40\u0e1b\u0e19<\/li>\n\n\n\n<li><strong>\u0e2a\u0e32\u0e40\u0e2b\u0e15\u0e38\u0e01\u0e32\u0e23\u0e1a\u0e32\u0e14\u0e40\u0e08\u0e47\u0e1a:<\/strong> \u0e19\u0e31\u0e01\u0e1a\u0e34\u0e14\u0e0a\u0e32\u0e27\u0e2a\u0e40\u0e1b\u0e19\u0e15\u0e49\u0e2d\u0e07\u0e1e\u0e31\u0e01\u0e22\u0e32\u0e27\u0e40\u0e19\u0e37\u0e48\u0e2d\u0e07\u0e08\u0e32\u0e01\u0e01\u0e23\u0e30\u0e14\u0e39\u0e01\u0e2a\u0e31\u0e19\u0e2b\u0e25\u0e31\u0e07\u0e02\u0e49\u0e2d T7 \u0e2b\u0e31\u0e01 \u0e08\u0e32\u0e01\u0e2d\u0e38\u0e1a\u0e31\u0e15\u0e34\u0e40\u0e2b\u0e15\u0e38\u0e43\u0e19\u0e28\u0e36\u0e01 Dutch GP \u0e17\u0e35\u0e48\u0e2a\u0e19\u0e32\u0e21 Assen \u0e2a\u0e48\u0e07\u0e1c\u0e25\u0e43\u0e2b\u0e49\u0e15\u0e49\u0e2d\u0e07\u0e1e\u0e25\u0e32\u0e14\u0e01\u0e32\u0e23\u0e25\u0e07\u0e41\u0e02\u0e48\u0e07\u0e43\u0e19\u0e23\u0e32\u0e22\u0e01\u0e32\u0e23 German GP \u0e41\u0e25\u0e30 British GP<\/li>\n\n\n\n<li><strong>\u0e2a\u0e48\u0e07\u0e2a\u0e31\u0e0d\u0e0d\u0e32\u0e13\u0e1a\u0e27\u0e01\u0e1c\u0e48\u0e32\u0e19\u0e42\u0e0b\u0e40\u0e0a\u0e35\u0e22\u0e25:<\/strong> \u0e40\u0e08\u0e49\u0e32\u0e15\u0e31\u0e27\u0e42\u0e1e\u0e2a\u0e15\u0e4c\u0e20\u0e32\u0e1e\u0e01\u0e32\u0e23\u0e1d\u0e36\u0e01\u0e0b\u0e49\u0e2d\u0e21\u0e1e\u0e23\u0e49\u0e2d\u0e21\u0e41\u0e04\u0e1b\u0e0a\u0e31\u0e19 &#8220;Quase de volta&#8221; (\u0e43\u0e01\u0e25\u0e49\u0e01\u0e25\u0e31\u0e1a\u0e21\u0e32\u0e41\u0e25\u0e49\u0e27) \u0e0b\u0e36\u0e48\u0e07\u0e41\u0e2a\u0e14\u0e07\u0e16\u0e36\u0e07\u0e04\u0e27\u0e32\u0e21\u0e21\u0e31\u0e48\u0e19\u0e43\u0e08\u0e41\u0e25\u0e30\u0e2a\u0e20\u0e32\u0e1e\u0e23\u0e48\u0e32\u0e07\u0e01\u0e32\u0e22\u0e17\u0e35\u0e48\u0e1f\u0e37\u0e49\u0e19\u0e15\u0e31\u0e27\u0e44\u0e14\u0e49\u0e14\u0e35<\/li>\n\n\n\n<li><strong>\u0e23\u0e2d\u0e22\u0e37\u0e19\u0e22\u0e31\u0e19\u0e17\u0e32\u0e07\u0e01\u0e32\u0e23\u0e41\u0e1e\u0e17\u0e22\u0e4c:<\/strong> \u0e41\u0e21\u0e49\u0e01\u0e32\u0e23\u0e0b\u0e49\u0e2d\u0e21\u0e08\u0e30\u0e40\u0e1b\u0e47\u0e19\u0e44\u0e1b\u0e14\u0e49\u0e27\u0e22\u0e14\u0e35 \u0e41\u0e15\u0e48\u0e01\u0e32\u0e23\u0e25\u0e07\u0e41\u0e02\u0e48\u0e07\u0e02\u0e31\u0e19\u0e43\u0e19\u0e28\u0e36\u0e01 Aragon GP \u0e22\u0e31\u0e07\u0e15\u0e49\u0e2d\u0e07\u0e23\u0e2d\u0e01\u0e32\u0e23\u0e1b\u0e23\u0e30\u0e40\u0e21\u0e34\u0e19\u0e2a\u0e20\u0e32\u0e1e\u0e23\u0e48\u0e32\u0e07\u0e01\u0e32\u0e22\u0e02\u0e31\u0e49\u0e19\u0e2a\u0e38\u0e14\u0e17\u0e49\u0e32\u0e22\u0e08\u0e32\u0e01\u0e17\u0e35\u0e21\u0e41\u0e1e\u0e17\u0e22\u0e4c\u0e02\u0e2d\u0e07 MotoGP<\/li>\n\n\n\n<li><strong>\u0e01\u0e33\u0e2b\u0e19\u0e14\u0e01\u0e32\u0e23\u0e41\u0e02\u0e48\u0e07\u0e02\u0e31\u0e19:<\/strong> \u0e28\u0e36\u0e01 <a href=\"https:\/\/grandepremio.com\/th\/motogp\/\" target=\"_blank\" rel=\"noopener\">MotoGP<\/a> \u0e2a\u0e19\u0e32\u0e21\u0e17\u0e35\u0e48 13 \u0e23\u0e32\u0e22\u0e01\u0e32\u0e23 Aragon GP \u0e08\u0e30\u0e08\u0e31\u0e14\u0e02\u0e36\u0e49\u0e19\u0e23\u0e30\u0e2b\u0e27\u0e48\u0e32\u0e07\u0e27\u0e31\u0e19\u0e17\u0e35\u0e48 28 \u0e16\u0e36\u0e07 30 \u0e2a\u0e34\u0e07\u0e2b\u0e32\u0e04\u0e21 2026 \u0e13 \u0e2a\u0e19\u0e32\u0e21 MotorLand Arag\u00f3n<\/li>\n<\/ul>\n\n\n\n<p class=\"wp-block-paragraph\"><strong>Ferm\u00edn Aldeguer deu mais um passo importante na recupera\u00e7\u00e3o da fratura da v\u00e9rtebra T7 e voltou a treinar de moto nesta semana<\/strong>. O piloto da Gresini guiou uma Ducati Panigale V2 no circuito de Cartagena, na Espanha, e <strong>aumentou o otimismo em rela\u00e7\u00e3o a um poss\u00edvel retorno \u00e0 MotoGP j\u00e1 no pr\u00f3<\/strong>Ferm\u00edn Aldeguer \u0e02\u0e22\u0e31\u0e1a\u0e40\u0e02\u0e49\u0e32\u0e43\u0e01\u0e25\u0e49\u0e01\u0e32\u0e23\u0e1f\u0e37\u0e49\u0e19\u0e15\u0e31\u0e27\u0e08\u0e32\u0e01\u0e2d\u0e32\u0e01\u0e32\u0e23\u0e1a\u0e32\u0e14\u0e40\u0e08\u0e47\u0e1a\u0e01\u0e23\u0e30\u0e14\u0e39\u0e01\u0e2a\u0e31\u0e19\u0e2b\u0e25\u0e31\u0e07\u0e02\u0e49\u0e2d T7 \u0e2b\u0e31\u0e01\u0e44\u0e1b\u0e2d\u0e35\u0e01\u0e02\u0e31\u0e49\u0e19 \u0e2b\u0e25\u0e31\u0e07\u0e01\u0e25\u0e31\u0e1a\u0e21\u0e32\u0e25\u0e07\u0e1d\u0e36\u0e01\u0e0b\u0e49\u0e2d\u0e21\u0e1a\u0e19\u0e41\u0e17\u0e23\u0e47\u0e01\u0e2d\u0e35\u0e01\u0e04\u0e23\u0e31\u0e49\u0e07\u0e43\u0e19\u0e2a\u0e31\u0e1b\u0e14\u0e32\u0e2b\u0e4c\u0e19\u0e35\u0e49 \u0e42\u0e14\u0e22\u0e19\u0e31\u0e01\u0e41\u0e02\u0e48\u0e07\u0e2a\u0e31\u0e07\u0e01\u0e31\u0e14 Gresini \u0e44\u0e14\u0e49\u0e25\u0e07\u0e04\u0e27\u0e1a\u0e23\u0e16 Ducati Panigale V2 \u0e17\u0e35\u0e48\u0e2a\u0e19\u0e32\u0e21 Cartagena Circuit \u0e1b\u0e23\u0e30\u0e40\u0e17\u0e28\u0e2a\u0e40\u0e1b\u0e19 \u0e0b\u0e36\u0e48\u0e07\u0e0a\u0e48\u0e27\u0e22\u0e40\u0e1e\u0e34\u0e48\u0e21\u0e04\u0e27\u0e32\u0e21\u0e2b\u0e27\u0e31\u0e07\u0e41\u0e25\u0e30\u0e04\u0e27\u0e32\u0e21\u0e40\u0e0a\u0e37\u0e48\u0e2d\u0e21\u0e31\u0e48\u0e19\u0e15\u0e48\u0e2d\u0e42\u0e2d\u0e01\u0e32\u0e2a\u0e43\u0e19\u0e01\u0e32\u0e23\u0e01\u0e25\u0e31\u0e1a\u0e21\u0e32\u0e25\u0e07\u0e1a\u0e34\u0e14\u0e28\u0e36\u0e01 MotoGP \u0e43\u0e19\u0e23\u0e32\u0e22\u0e01\u0e32\u0e23 Aragon Grand Prix \u0e2a\u0e38\u0e14\u0e2a\u0e31\u0e1b\u0e14\u0e32\u0e2b\u0e4c\u0e2b\u0e19\u0e49\u0e32\u0e19\u0e35\u0e49<\/p>\n\n\n\n<p class=\"wp-block-paragraph\">\u0e19\u0e31\u0e01\u0e1a\u0e34\u0e14\u0e0a\u0e32\u0e27\u0e2a\u0e40\u0e1b\u0e19\u0e15\u0e49\u0e2d\u0e07\u0e40\u0e27\u0e49\u0e19\u0e27\u0e48\u0e32\u0e07\u0e08\u0e32\u0e01\u0e01\u0e32\u0e23\u0e25\u0e07\u0e2a\u0e19\u0e32\u0e21\u0e44\u0e1b\u0e19\u0e31\u0e1a\u0e15\u0e31\u0e49\u0e07\u0e41\u0e15\u0e48\u0e23\u0e32\u0e22\u0e01\u0e32\u0e23 Dutch GP \u0e2b\u0e25\u0e31\u0e07\u0e1b\u0e23\u0e30\u0e2a\u0e1a\u0e2d\u0e38\u0e1a\u0e31\u0e15\u0e34\u0e40\u0e2b\u0e15\u0e38\u0e25\u0e49\u0e21\u0e23\u0e38\u0e19\u0e41\u0e23\u0e07\u0e43\u0e19\u0e0a\u0e48\u0e27\u0e07\u0e01\u0e32\u0e23\u0e0b\u0e49\u0e2d\u0e21 \u0e0b\u0e36\u0e48\u0e07\u0e2d\u0e32\u0e01\u0e32\u0e23\u0e1a\u0e32\u0e14\u0e40\u0e08\u0e47\u0e1a\u0e01\u0e23\u0e30\u0e14\u0e39\u0e01\u0e2a\u0e31\u0e19\u0e2b\u0e25\u0e31\u0e07\u0e14\u0e31\u0e07\u0e01\u0e25\u0e48\u0e32\u0e27\u0e17\u0e33\u0e43\u0e2b\u0e49\u0e40\u0e02\u0e32\u0e1e\u0e25\u0e32\u0e14\u0e01\u0e32\u0e23\u0e25\u0e07\u0e41\u0e02\u0e48\u0e07\u0e17\u0e31\u0e49\u0e07\u0e2a\u0e2d\u0e07\u0e40\u0e23\u0e0b\u0e17\u0e35\u0e48 Assen \u0e23\u0e27\u0e21\u0e16\u0e36\u0e07\u0e28\u0e36\u0e01 German GP \u0e41\u0e25\u0e30 British GP \u0e0a\u0e48\u0e27\u0e07\u0e01\u0e48\u0e2d\u0e19\u0e41\u0e25\u0e30\u0e2b\u0e25\u0e31\u0e07\u0e1e\u0e31\u0e01\u0e04\u0e23\u0e36\u0e48\u0e07\u0e24\u0e14\u0e39\u0e01\u0e32\u0e25<\/p>\n\n\n\n<p class=\"wp-block-paragraph\">\u0e01\u0e32\u0e23\u0e2b\u0e27\u0e19\u0e04\u0e37\u0e19\u0e41\u0e17\u0e23\u0e47\u0e01\u0e0b\u0e49\u0e2d\u0e21\u0e40\u0e01\u0e34\u0e14\u0e02\u0e36\u0e49\u0e19\u0e40\u0e21\u0e37\u0e48\u0e2d\u0e27\u0e31\u0e19\u0e2d\u0e31\u0e07\u0e04\u0e32\u0e23\u0e17\u0e35\u0e48 18 \u0e2a\u0e34\u0e07\u0e2b\u0e32\u0e04\u0e21 2026 \u0e17\u0e35\u0e48\u0e1c\u0e48\u0e32\u0e19\u0e21\u0e32 \u0e13 \u0e40\u0e21\u0e37\u0e2d\u0e07\u0e04\u0e32\u0e23\u0e4c\u0e15\u0e32\u0e40\u0e04\u0e19\u0e32 \u0e41\u0e04\u0e27\u0e49\u0e19\u0e21\u0e39\u0e23\u0e4c\u0e40\u0e0b\u0e35\u0e22 \u0e42\u0e14\u0e22 Aldeguer \u0e44\u0e14\u0e49\u0e25\u0e07\u0e02\u0e35\u0e48\u0e23\u0e16 Ducati Panigale V2 \u0e1e\u0e23\u0e49\u0e2d\u0e21\u0e01\u0e31\u0e1a\u0e41\u0e0a\u0e23\u0e4c\u0e20\u0e32\u0e1e\u0e1a\u0e23\u0e23\u0e22\u0e32\u0e01\u0e32\u0e28\u0e1c\u0e48\u0e32\u0e19\u0e2a\u0e37\u0e48\u0e2d\u0e42\u0e0b\u0e40\u0e0a\u0e35\u0e22\u0e25\u0e21\u0e35\u0e40\u0e14\u0e35\u0e22\u0e2a\u0e48\u0e27\u0e19\u0e15\u0e31\u0e27 \u0e1e\u0e23\u0e49\u0e2d\u0e21\u0e02\u0e49\u0e2d\u0e04\u0e27\u0e32\u0e21\u0e2a\u0e31\u0e49\u0e19\u0e46 \u0e41\u0e15\u0e48\u0e40\u0e1b\u0e35\u0e48\u0e22\u0e21\u0e14\u0e49\u0e27\u0e22\u0e04\u0e27\u0e32\u0e21\u0e2b\u0e27\u0e31\u0e07\u0e27\u0e48\u0e32 &#8220;Quase de volta&#8221; (\u0e43\u0e01\u0e25\u0e49\u0e01\u0e25\u0e31\u0e1a\u0e21\u0e32\u0e41\u0e25\u0e49\u0e27)<\/p>\n\n\n\n<p class=\"wp-block-paragraph\">Ferm\u00edn Aldeguer \u0e25\u0e07\u0e0b\u0e49\u0e2d\u0e21\u0e01\u0e31\u0e1a Ducati Panigale V2 \u0e17\u0e35\u0e48 Cartagena (\u0e20\u0e32\u0e1e: Reprodu\u00e7\u00e3o\/Instagram Ferm\u00edn Aldeguer)<\/p>\n\n\n\n<p class=\"wp-block-paragraph\">\u0e41\u0e21\u0e49\u0e27\u0e48\u0e32\u0e08\u0e30\u0e22\u0e31\u0e07\u0e44\u0e21\u0e48\u0e21\u0e35\u0e01\u0e32\u0e23\u0e22\u0e37\u0e19\u0e22\u0e31\u0e19\u0e2d\u0e22\u0e48\u0e32\u0e07\u0e40\u0e1b\u0e47\u0e19\u0e17\u0e32\u0e07\u0e01\u0e32\u0e23\u0e27\u0e48\u0e32 Aldeguer \u0e08\u0e30\u0e2a\u0e32\u0e21\u0e32\u0e23\u0e16\u0e25\u0e07\u0e41\u0e02\u0e48\u0e07\u0e02\u0e31\u0e19\u0e17\u0e35\u0e48 MotorLand Arag\u00f3n \u0e44\u0e14\u0e49\u0e2b\u0e23\u0e37\u0e2d\u0e44\u0e21\u0e48 \u0e41\u0e15\u0e48\u0e01\u0e32\u0e23\u0e25\u0e07\u0e1d\u0e36\u0e01\u0e0b\u0e49\u0e2d\u0e21\u0e43\u0e19\u0e04\u0e23\u0e31\u0e49\u0e07\u0e19\u0e35\u0e49\u0e19\u0e31\u0e1a\u0e40\u0e1b\u0e47\u0e19\u0e2a\u0e31\u0e0d\u0e0d\u0e32\u0e13\u0e1a\u0e27\u0e01\u0e2d\u0e22\u0e48\u0e32\u0e07\u0e21\u0e32\u0e01\u0e2a\u0e33\u0e2b\u0e23\u0e31\u0e1a\u0e17\u0e35\u0e21 Gresini \u0e17\u0e31\u0e49\u0e07\u0e19\u0e35\u0e49 \u0e01\u0e32\u0e23\u0e15\u0e31\u0e14\u0e2a\u0e34\u0e19\u0e43\u0e08\u0e02\u0e31\u0e49\u0e19\u0e2a\u0e38\u0e14\u0e17\u0e49\u0e32\u0e22\u0e08\u0e30\u0e40\u0e01\u0e34\u0e14\u0e02\u0e36\u0e49\u0e19\u0e2b\u0e25\u0e31\u0e07\u0e08\u0e32\u0e01\u0e40\u0e02\u0e32\u0e23\u0e31\u0e1a\u0e01\u0e32\u0e23\u0e15\u0e23\u0e27\u0e08\u0e1b\u0e23\u0e30\u0e40\u0e21\u0e34\u0e19\u0e2a\u0e20\u0e32\u0e1e\u0e23\u0e48\u0e32\u0e07\u0e01\u0e32\u0e22\u0e08\u0e32\u0e01\u0e17\u0e35\u0e21\u0e41\u0e1e\u0e17\u0e22\u0e4c\u0e1b\u0e23\u0e30\u0e08\u0e33\u0e01\u0e32\u0e23\u0e41\u0e02\u0e48\u0e07\u0e02\u0e31\u0e19 MotoGP<\/p>\n\n\n\n<p class=\"wp-block-paragraph\">\u0e28\u0e36\u0e01 <a target=\"_blank\" rel=\"noopener\" href=\"https:\/\/grandepremio.com\/th\/motogp\/\">MotoGP<\/a> \u0e08\u0e30\u0e01\u0e25\u0e31\u0e1a\u0e21\u0e32\u0e14\u0e27\u0e25\u0e04\u0e27\u0e32\u0e21\u0e40\u0e23\u0e47\u0e27\u0e01\u0e31\u0e19\u0e2d\u0e35\u0e01\u0e04\u0e23\u0e31\u0e49\u0e07\u0e23\u0e30\u0e2b\u0e27\u0e48\u0e32\u0e07\u0e27\u0e31\u0e19\u0e17\u0e35\u0e48 28 \u0e16\u0e36\u0e07 30 \u0e2a\u0e34\u0e07\u0e2b\u0e32\u0e04\u0e21 2026 \u0e43\u0e19\u0e23\u0e32\u0e22\u0e01\u0e32\u0e23 Aragon GP \u0e0b\u0e36\u0e48\u0e07\u0e40\u0e1b\u0e47\u0e19\u0e01\u0e32\u0e23\u0e41\u0e02\u0e48\u0e07\u0e02\u0e31\u0e19\u0e2a\u0e19\u0e32\u0e21\u0e17\u0e35\u0e48 13 \u0e02\u0e2d\u0e07\u0e24\u0e14\u0e39\u0e01\u0e32\u0e25 2026 \u0e42\u0e14\u0e22\u0e2a\u0e33\u0e19\u0e31\u0e01\u0e02\u0e48\u0e32\u0e27 <a target=\"_blank\" rel=\"noopener\" href=\"https:\/\/grandepremio.com\/th\/\">GRANDE PR\u00caMIO<\/a> \u0e23\u0e48\u0e27\u0e21\u0e15\u0e34\u0e14\u0e15\u0e32\u0e21\u0e23\u0e32\u0e22\u0e07\u0e32\u0e19\u0e02\u0e48\u0e32\u0e27\u0e2a\u0e32\u0e23 \u0e04\u0e27\u0e32\u0e21\u0e40\u0e04\u0e25\u0e37\u0e48\u0e2d\u0e19\u0e44\u0e2b\u0e27 \u0e41\u0e25\u0e30\u0e1c\u0e25\u0e01\u0e32\u0e23\u0e41\u0e02\u0e48\u0e07\u0e02\u0e31\u0e19\u0e2d\u0e22\u0e48\u0e32\u0e07\u0e43\u0e01\u0e25\u0e49\u0e0a\u0e34\u0e14<\/p>\n\n\n\n<h3 class=\"wp-block-heading\">\u0e15\u0e32\u0e23\u0e32\u0e07\u0e40\u0e27\u0e25\u0e32\u0e01\u0e32\u0e23\u0e41\u0e02\u0e48\u0e07\u0e02\u0e31\u0e19 Aragon GP 2026 (\u0e40\u0e27\u0e25\u0e32\u0e1b\u0e23\u0e30\u0e40\u0e17\u0e28\u0e44\u0e17\u0e22 &#8211; ICT)<\/h3>\n\n\n\n<p class=\"wp-block-paragraph\">\u0e23\u0e32\u0e22\u0e01\u0e32\u0e23 Gran Premio GoPro de Arag\u00f3n 2026 \u0e13 \u0e2a\u0e19\u0e32\u0e21 MotorLand Arag\u00f3n (\u0e40\u0e27\u0e25\u0e32\u0e17\u0e49\u0e2d\u0e07\u0e16\u0e34\u0e48\u0e19\u0e0a\u0e49\u0e32\u0e01\u0e27\u0e48\u0e32\u0e1b\u0e23\u0e30\u0e40\u0e17\u0e28\u0e44\u0e17\u0e22 5 \u0e0a\u0e31\u0e48\u0e27\u0e42\u0e21\u0e07)<\/p>\n\n\n\n<figure class=\"wp-block-table\"><table class=\"has-fixed-layout\"><thead><tr><td><strong>\u0e27\u0e31\u0e19\u0e41\u0e02\u0e48\u0e07\u0e02\u0e31\u0e19<\/strong><\/td><td><strong>\u0e01\u0e34\u0e08\u0e01\u0e23\u0e23\u0e21<\/strong><\/td><td><strong>\u0e40\u0e27\u0e25\u0e32\u0e1b\u0e23\u0e30\u0e40\u0e17\u0e28\u0e44\u0e17\u0e22 (UTC+7)<\/strong><\/td><\/tr><\/thead><tbody><tr><td><strong>\u0e27\u0e31\u0e19\u0e28\u0e38\u0e01\u0e23\u0e4c\u0e17\u0e35\u0e48 28 \u0e2a\u0e34\u0e07\u0e2b\u0e32\u0e04\u0e21 2026<\/strong><\/td><td>Free Practice 1 (FP1)<\/td><td>15:45 \u2013 16:30 \u0e19.<\/td><\/tr><tr><td><\/td><td>Practice (PR)<\/td><td>20:00 \u2013 21:00 \u0e19.<\/td><\/tr><tr><td><strong>\u0e27\u0e31\u0e19\u0e40\u0e2a\u0e32\u0e23\u0e4c\u0e17\u0e35\u0e48 29 \u0e2a\u0e34\u0e07\u0e2b\u0e32\u0e04\u0e21 2026<\/strong><\/td><td>Free Practice 2 (FP2)<\/td><td>15:10 \u2013 15:40 \u0e19.<\/td><\/tr><tr><td><\/td><td>Qualifying (\u0e23\u0e2d\u0e1a\u0e04\u0e31\u0e14\u0e40\u0e25\u0e37\u0e2d\u0e01)<\/td><td>15:50 \u2013 16:30 \u0e19.<\/td><\/tr><tr><td><\/td><td>Sprint Race (\u0e2a\u0e1b\u0e23\u0e34\u0e19\u0e15\u0e4c\u0e40\u0e23\u0e0b)<\/td><td>20:00 \u0e19. (11 \u0e23\u0e2d\u0e1a)<\/td><\/tr><tr><td><strong>\u0e27\u0e31\u0e19\u0e2d\u0e32\u0e17\u0e34\u0e15\u0e22\u0e4c\u0e17\u0e35\u0e48 30 \u0e2a\u0e34\u0e07\u0e2b\u0e32\u0e04\u0e21 2026<\/strong><\/td><td>Grand Prix Race (\u0e01\u0e32\u0e23\u0e41\u0e02\u0e48\u0e07\u0e02\u0e31\u0e19\u0e08\u0e23\u0e34\u0e07)<\/td><td>19:00 \u0e19. (23 \u0e23\u0e2d\u0e1a)<\/td><\/tr><\/tbody><\/table><\/figure>\n\n\n\n<h3 class=\"wp-block-heading\">FAQ (\u0e04\u0e33\u0e16\u0e32\u0e21\u0e17\u0e35\u0e48\u0e1e\u0e1a\u0e1a\u0e48\u0e2d\u0e22)<\/h3>\n\n\n\n<p class=\"wp-block-paragraph\"><strong>Q: Ferm\u00edn Aldeguer \u0e44\u0e14\u0e49\u0e23\u0e31\u0e1a\u0e1a\u0e32\u0e14\u0e40\u0e08\u0e47\u0e1a\u0e08\u0e32\u0e01\u0e40\u0e2b\u0e15\u0e38\u0e01\u0e32\u0e23\u0e13\u0e4c\u0e43\u0e14 \u0e41\u0e25\u0e30\u0e1e\u0e25\u0e32\u0e14\u0e01\u0e32\u0e23\u0e41\u0e02\u0e48\u0e07\u0e02\u0e31\u0e19\u0e2a\u0e19\u0e32\u0e21\u0e44\u0e2b\u0e19\u0e44\u0e1b\u0e1a\u0e49\u0e32\u0e07?<\/strong><\/p>\n\n\n\n<p class=\"wp-block-paragraph\">A: \u0e40\u0e02\u0e32\u0e44\u0e14\u0e49\u0e23\u0e31\u0e1a\u0e1a\u0e32\u0e14\u0e40\u0e08\u0e47\u0e1a\u0e01\u0e23\u0e30\u0e14\u0e39\u0e01\u0e2a\u0e31\u0e19\u0e2b\u0e25\u0e31\u0e07\u0e02\u0e49\u0e2d T7 \u0e2b\u0e31\u0e01 \u0e08\u0e32\u0e01\u0e2d\u0e38\u0e1a\u0e31\u0e15\u0e34\u0e40\u0e2b\u0e15\u0e38\u0e25\u0e49\u0e21\u0e43\u0e19\u0e2a\u0e19\u0e32\u0e21 Assen \u0e17\u0e33\u0e43\u0e2b\u0e49\u0e1e\u0e25\u0e32\u0e14\u0e25\u0e07\u0e1a\u0e34\u0e14\u0e43\u0e19\u0e23\u0e32\u0e22\u0e01\u0e32\u0e23 Dutch GP, German GP \u0e41\u0e25\u0e30 British GP<\/p>\n\n\n\n<p class=\"wp-block-paragraph\"><strong>Q: \u0e23\u0e16\u0e41\u0e02\u0e48\u0e07\u0e17\u0e35\u0e48 Aldeguer \u0e43\u0e0a\u0e49\u0e25\u0e07\u0e1d\u0e36\u0e01\u0e0b\u0e49\u0e2d\u0e21\u0e40\u0e1e\u0e37\u0e48\u0e2d\u0e40\u0e0a\u0e47\u0e01\u0e2a\u0e20\u0e32\u0e1e\u0e23\u0e48\u0e32\u0e07\u0e01\u0e32\u0e22\u0e04\u0e37\u0e2d\u0e23\u0e38\u0e48\u0e19\u0e43\u0e14?<\/strong><\/p>\n\n\n\n<p class=\"wp-block-paragraph\">A: \u0e40\u0e02\u0e32\u0e25\u0e07\u0e1d\u0e36\u0e01\u0e0b\u0e49\u0e2d\u0e21\u0e14\u0e49\u0e27\u0e22\u0e23\u0e16\u0e2a\u0e1b\u0e2d\u0e23\u0e4c\u0e15 Production Model \u0e23\u0e38\u0e48\u0e19 Ducati Panigale V2 \u0e17\u0e35\u0e48\u0e2a\u0e19\u0e32\u0e21 Cartagena Circuit<\/p>\n\n\n\n<p class=\"wp-block-paragraph\"><strong>Q: \u0e2a\u0e19\u0e32\u0e21\u0e41\u0e02\u0e48\u0e07\u0e02\u0e31\u0e19\u0e16\u0e31\u0e14\u0e44\u0e1b\u0e02\u0e2d\u0e07\u0e28\u0e36\u0e01 MotoGP 2026 \u0e08\u0e30\u0e08\u0e31\u0e14\u0e02\u0e36\u0e49\u0e19\u0e17\u0e35\u0e48\u0e44\u0e2b\u0e19\u0e41\u0e25\u0e30\u0e40\u0e21\u0e37\u0e48\u0e2d\u0e44\u0e2b\u0e23\u0e48?<\/strong><\/p>\n\n\n\n<p class=\"wp-block-paragraph\">A: \u0e23\u0e32\u0e22\u0e01\u0e32\u0e23 Aragon GP \u0e2a\u0e19\u0e32\u0e21\u0e17\u0e35\u0e48 13 \u0e02\u0e2d\u0e07\u0e24\u0e14\u0e39\u0e01\u0e32\u0e25 2026 \u0e08\u0e30\u0e08\u0e31\u0e14\u0e02\u0e36\u0e49\u0e19\u0e23\u0e30\u0e2b\u0e27\u0e48\u0e32\u0e07\u0e27\u0e31\u0e19\u0e17\u0e35\u0e48 28 \u0e16\u0e36\u0e07 30 \u0e2a\u0e34\u0e07\u0e2b\u0e32\u0e04\u0e21 2026 \u0e13 \u0e2a\u0e19\u0e32\u0e21 MotorLand Arag\u00f3n \u0e1b\u0e23\u0e30\u0e40\u0e17\u0e28\u0e2a\u0e40\u0e1b\u0e19<\/p>\n\n\n<div style=\"max-width:540px;width:100%\" class=\"mx-auto wp-block-fortytwo-instagram\">\n    <iframe\n        src=\"https:\/\/www.instagram.com\/p\/DcL2035jdRu\/embed\/captioned\/\"\n        title=\"Publica\u00e7\u00e3o do Instagram\"\n        data-42-instagram-embed\n        height=\"600\"\n        scrolling=\"no\"\n        loading=\"lazy\"\n        style=\"display:block;border:0;width:100%;min-height:480px\"\n    ><\/iframe>\n<\/div>\n\n\n\n<p class=\"wp-block-paragraph\">Ainda n\u00e3o h\u00e1 confirma\u00e7\u00e3o sobre a presen\u00e7a de Aldeguer em Arag\u00e3o, mas o treino representa um sinal positivo para a Gresini. A participa\u00e7\u00e3o na etapa ser\u00e1 definida ap\u00f3s a avalia\u00e7\u00e3o f\u00edsica do piloto pela equipe m\u00e9dica da MotoGP.<\/p>\n\n\n\n<p class=\"wp-block-paragraph\">A&nbsp;<strong>MotoGP<\/strong>&nbsp;<strong>volta a acelerar entre os dias 28 a 30 de agosto para o<\/strong>&nbsp;<strong>GP de Arag\u00e3o<\/strong>, 13\u00aa etapa da temporada 2026. O&nbsp;<strong>GRANDE PR\u00caMIO<\/strong>&nbsp;acompanha toda a programa\u00e7\u00e3o do fim de semana, assim como as demais categorias do&nbsp;Mundial de Motovelocidade.<\/p>\n\n\n\n<p class=\"wp-block-paragraph\">\u25b6\ufe0f<strong>MotoGP:&nbsp;<a href=\"https:\/\/grandepremio.com\/br\/motogp\/calendario\/2026\/\">confira o calend\u00e1rio completo de 2026<\/a><\/strong><br>\u25b6\ufe0f<strong>Inscreva-se nos dois canais do GRANDE PR\u00caMIO no YouTube:&nbsp;<a href=\"https:\/\/www.youtube.com\/channel\/UC9OlHEgxoaY6QY6nWPoiqQg?sub_confirmation=1\">GP<\/a>&nbsp;|&nbsp;<a href=\"https:\/\/www.youtube.com\/channel\/UC9csiS6q_C3C0FYhyr1rnFA?sub_confirmation=1\">GPTV<\/a><\/strong><\/p>\n","protected":false},"excerpt":{"rendered":"<p>Ferm\u00edn Aldeguer \u0e22\u0e2d\u0e14\u0e19\u0e31\u0e01\u0e1a\u0e34\u0e14\u0e08\u0e32\u0e01\u0e17\u0e35\u0e21 Gresini \u0e25\u0e07\u0e17\u0e14\u0e2a\u0e2d\u0e1a\u0e02\u0e31\u0e1a\u0e02\u0e35\u0e48 Ducati Panigale V2 \u0e17\u0e35\u0e48\u0e2a\u0e19\u0e32\u0e21 Cartagena \u0e1b\u0e23\u0e30\u0e40\u0e17\u0e28\u0e2a\u0e40\u0e1b\u0e19 \u0e40\u0e1e\u0e37\u0e48\u0e2d\u0e40\u0e23\u0e48\u0e07\u0e1f\u0e37\u0e49\u0e19\u0e1f\u0e39\u0e23\u0e48\u0e32\u0e07\u0e01\u0e32\u0e22\u0e41\u0e25\u0e30\u0e1b\u0e23\u0e30\u0e40\u0e21\u0e34\u0e19\u0e04\u0e27\u0e32\u0e21\u0e1e\u0e23\u0e49\u0e2d\u0e21\u0e01\u0e48\u0e2d\u0e19\u0e25\u0e38\u0e49\u0e19\u0e01\u0e25\u0e31\u0e1a\u0e21\u0e32\u0e25\u0e07\u0e41\u0e02\u0e48\u0e07\u0e02\u0e31\u0e19\u0e43\u0e19\u0e28\u0e36\u0e01 Aragon GP \u0e0a\u0e48\u0e27\u0e07\u0e1b\u0e25\u0e32\u0e22\u0e40\u0e14\u0e37\u0e2d\u0e19\u0e2a\u0e34\u0e07\u0e2b\u0e32\u0e04\u0e21\u0e19\u0e35\u0e49<\/p>\n","protected":false},"author":2,"featured_media":1001093021,"comment_status":"closed","ping_status":"closed","sticky":false,"template":"","format":"standard","meta":{"42wp_featured_image_caption":"Ferm\u00edn Aldeguer","42wp_featured_image_credits":"MotoGP","42wp_featured_video":"","42wp_featured_image_hidden":false,"42wp_authors_list":[],"footnotes":""},"categories":[15],"tags":[61,42],"42wp_author":[19],"class_list":["post-151","post","type-post","status-publish","format-standard","has-post-thumbnail","hentry","category-motogp","tag-fermin-aldeguer","tag-motogp","42wp_author-kaio-esteves"],"_links":{"self":[{"href":"https:\/\/grandepremio.com\/th\/wp-json\/wp\/v2\/posts\/151","targetHints":{"allow":["GET"]}}],"collection":[{"href":"https:\/\/grandepremio.com\/th\/wp-json\/wp\/v2\/posts"}],"about":[{"href":"https:\/\/grandepremio.com\/th\/wp-json\/wp\/v2\/types\/post"}],"author":[{"embeddable":true,"href":"https:\/\/grandepremio.com\/th\/wp-json\/wp\/v2\/users\/2"}],"replies":[{"embeddable":true,"href":"https:\/\/grandepremio.com\/th\/wp-json\/wp\/v2\/comments?post=151"}],"version-history":[{"count":1,"href":"https:\/\/grandepremio.com\/th\/wp-json\/wp\/v2\/posts\/151\/revisions"}],"predecessor-version":[{"id":152,"href":"https:\/\/grandepremio.com\/th\/wp-json\/wp\/v2\/posts\/151\/revisions\/152"}],"wp:featuredmedia":[{"embeddable":true,"href":"https:\/\/grandepremio.com\/th\/wp-json\/wp\/v2\/media\/1001093021"}],"wp:attachment":[{"href":"https:\/\/grandepremio.com\/th\/wp-json\/wp\/v2\/media?parent=151"}],"wp:term":[{"taxonomy":"category","embeddable":true,"href":"https:\/\/grandepremio.com\/th\/wp-json\/wp\/v2\/categories?post=151"},{"taxonomy":"post_tag","embeddable":true,"href":"https:\/\/grandepremio.com\/th\/wp-json\/wp\/v2\/tags?post=151"},{"taxonomy":"42wp_author","embeddable":true,"href":"https:\/\/grandepremio.com\/th\/wp-json\/wp\/v2\/42wp_author?post=151"}],"curies":[{"name":"wp","href":"https:\/\/api.w.org\/{rel}","templated":true}]}}