{"id":305,"date":"2026-08-30T10:41:19","date_gmt":"2026-08-30T13:41:19","guid":{"rendered":"https:\/\/grandepremio.com\/th\/?p=305"},"modified":"2026-08-30T10:41:20","modified_gmt":"2026-08-30T13:41:20","slug":"marc-marquez-%e0%b8%aa%e0%b8%ad%e0%b8%a2-bezzecchi-%e0%b8%95%e0%b9%89%e0%b8%b2%e0%b8%99%e0%b9%81%e0%b8%a3%e0%b8%87%e0%b8%81%e0%b8%94%e0%b8%94%e0%b8%b1%e0%b8%99-acosta-%e0%b8%84%e0%b8%a7%e0%b9%89","status":"publish","type":"post","link":"https:\/\/grandepremio.com\/th\/motogp\/marc-marquez-%e0%b8%aa%e0%b8%ad%e0%b8%a2-bezzecchi-%e0%b8%95%e0%b9%89%e0%b8%b2%e0%b8%99%e0%b9%81%e0%b8%a3%e0%b8%87%e0%b8%81%e0%b8%94%e0%b8%94%e0%b8%b1%e0%b8%99-acosta-%e0%b8%84%e0%b8%a7%e0%b9%89\/","title":{"rendered":"Marc M\u00e1rquez \u0e2a\u0e2d\u0e22 Bezzecchi, \u0e15\u0e49\u0e32\u0e19\u0e41\u0e23\u0e07\u0e01\u0e14\u0e14\u0e31\u0e19 Acosta \u0e04\u0e27\u0e49\u0e32\u0e0a\u0e31\u0e22\u0e01\u0e27\u0e32\u0e14\u0e40\u0e23\u0e35\u0e22\u0e1a\u0e2a\u0e19\u0e32\u0e21 Aragon \u0e43\u0e19 MotoGP"},"content":{"rendered":"\n<p class=\"wp-block-paragraph\"><strong>\u0e04\u0e33\u0e16\u0e32\u0e21\u0e17\u0e35\u0e48\u0e1e\u0e1a\u0e1a\u0e48\u0e2d\u0e22<\/strong><\/p>\n\n\n\n<ul class=\"wp-block-list\">\n<li><strong>\u0e43\u0e04\u0e23\u0e04\u0e37\u0e2d\u0e1c\u0e39\u0e49\u0e0a\u0e19\u0e30\u0e01\u0e32\u0e23\u0e41\u0e02\u0e48\u0e07\u0e02\u0e31\u0e19\u0e40\u0e21\u0e19\u0e40\u0e23\u0e0b Aragon GP 2026?<\/strong> Marc M\u00e1rquez \u0e08\u0e32\u0e01\u0e17\u0e35\u0e21 Ducati \u0e04\u0e27\u0e49\u0e32\u0e0a\u0e31\u0e22\u0e0a\u0e19\u0e30\u0e44\u0e1b\u0e04\u0e23\u0e2d\u0e07\u0e44\u0e14\u0e49\u0e2a\u0e33\u0e40\u0e23\u0e47\u0e08 \u0e1e\u0e23\u0e49\u0e2d\u0e21\u0e17\u0e33\u0e2a\u0e16\u0e34\u0e15\u0e34\u0e0a\u0e19\u0e30\u0e17\u0e35\u0e48 MotorLand \u0e40\u0e1b\u0e47\u0e19\u0e2a\u0e19\u0e32\u0e21\u0e17\u0e35\u0e48\u0e2a\u0e32\u0e21\u0e15\u0e34\u0e14\u0e15\u0e48\u0e2d\u0e01\u0e31\u0e19<\/li>\n\n\n\n<li><strong>\u0e1c\u0e25\u0e07\u0e32\u0e19\u0e02\u0e2d\u0e07 Diogo Moreira \u0e43\u0e19\u0e28\u0e36\u0e01\u0e40\u0e21\u0e19\u0e40\u0e23\u0e0b\u0e40\u0e1b\u0e47\u0e19\u0e2d\u0e22\u0e48\u0e32\u0e07\u0e44\u0e23?<\/strong> Diogo Moreira \u0e2d\u0e2d\u0e01\u0e2a\u0e15\u0e32\u0e23\u0e4c\u0e17\u0e44\u0e14\u0e49\u0e14\u0e35\u0e41\u0e25\u0e30\u0e40\u0e01\u0e32\u0e30\u0e01\u0e25\u0e38\u0e48\u0e21\u0e19\u0e33 \u0e01\u0e48\u0e2d\u0e19\u0e08\u0e30\u0e1a\u0e14\u0e41\u0e22\u0e48\u0e07\u0e2d\u0e31\u0e19\u0e14\u0e31\u0e1a 8 \u0e01\u0e31\u0e1a Enea Bastianini \u0e43\u0e19\u0e0a\u0e48\u0e27\u0e07\u0e17\u0e49\u0e32\u0e22 \u0e41\u0e25\u0e30\u0e40\u0e02\u0e49\u0e32\u0e40\u0e2a\u0e49\u0e19\u0e0a\u0e31\u0e22\u0e43\u0e19\u0e2d\u0e31\u0e19\u0e14\u0e31\u0e1a 9 \u0e40\u0e1b\u0e47\u0e19\u0e23\u0e16 Honda \u0e17\u0e35\u0e48\u0e17\u0e33\u0e1c\u0e25\u0e07\u0e32\u0e19\u0e14\u0e35\u0e17\u0e35\u0e48\u0e2a\u0e38\u0e14\u0e43\u0e19\u0e2a\u0e19\u0e32\u0e21<\/li>\n<\/ul>\n\n\n\n<p class=\"wp-block-paragraph\">Marc M\u00e1rquez \u0e22\u0e37\u0e19\u0e22\u0e31\u0e19\u0e01\u0e32\u0e23\u0e04\u0e23\u0e2d\u0e07\u0e04\u0e27\u0e32\u0e21\u0e22\u0e34\u0e48\u0e07\u0e43\u0e2b\u0e0d\u0e48\u0e15\u0e32\u0e21\u0e04\u0e32\u0e14\u0e17\u0e35\u0e48 Aragon \u0e42\u0e14\u0e22\u0e17\u0e33\u0e1c\u0e25\u0e07\u0e32\u0e19\u0e0b\u0e49\u0e33\u0e23\u0e2d\u0e22\u0e27\u0e31\u0e19\u0e40\u0e2a\u0e32\u0e23\u0e4c \u0e04\u0e27\u0e49\u0e32\u0e0a\u0e31\u0e22\u0e0a\u0e19\u0e30\u0e43\u0e19\u0e01\u0e32\u0e23\u0e41\u0e02\u0e48\u0e07\u0e02\u0e31\u0e19\u0e40\u0e21\u0e19\u0e40\u0e23\u0e0b\u0e27\u0e31\u0e19\u0e2d\u0e32\u0e17\u0e34\u0e15\u0e22\u0e4c (30) \u0e17\u0e35\u0e48\u0e1c\u0e48\u0e32\u0e19\u0e21\u0e32 \u0e19\u0e31\u0e01\u0e1a\u0e34\u0e14\u0e0a\u0e32\u0e27\u0e2a\u0e40\u0e1b\u0e19\u0e44\u0e25\u0e48\u0e1a\u0e35\u0e49\u0e41\u0e0b\u0e07 Marco Bezzecchi \u0e43\u0e19\u0e0a\u0e48\u0e27\u0e07\u0e23\u0e2d\u0e1a\u0e41\u0e23\u0e01\u0e46 \u0e01\u0e48\u0e2d\u0e19\u0e08\u0e30\u0e15\u0e49\u0e32\u0e19\u0e17\u0e32\u0e19\u0e41\u0e23\u0e07\u0e01\u0e14\u0e14\u0e31\u0e19\u0e08\u0e32\u0e01 Pedro Acosta \u0e40\u0e19\u0e23\u0e21\u0e34\u0e15\u0e2a\u0e19\u0e32\u0e21 MotorLand \u0e43\u0e2b\u0e49\u0e01\u0e25\u0e32\u0e22\u0e40\u0e1b\u0e47\u0e19\u0e23\u0e31\u0e07\u0e21\u0e14\u0e41\u0e14\u0e07\u0e41\u0e25\u0e30\u0e23\u0e48\u0e27\u0e21\u0e09\u0e25\u0e2d\u0e07\u0e0a\u0e31\u0e22\u0e0a\u0e19\u0e30\u0e15\u0e48\u0e2d\u0e2b\u0e19\u0e49\u0e32\u0e41\u0e1f\u0e19\u0e46 \u0e01\u0e27\u0e48\u0e32 50,000 \u0e04\u0e19<\/p>\n\n\n\n<p class=\"wp-block-paragraph\">Acosta \u0e02\u0e35\u0e48\u0e44\u0e14\u0e49\u0e2d\u0e22\u0e48\u0e32\u0e07\u0e41\u0e02\u0e47\u0e07\u0e41\u0e01\u0e23\u0e48\u0e07\u0e41\u0e25\u0e30\u0e04\u0e27\u0e49\u0e32\u0e2d\u0e31\u0e19\u0e14\u0e31\u0e1a 2 \u0e43\u0e2b\u0e49\u0e01\u0e31\u0e1a KTM \u0e02\u0e13\u0e30\u0e17\u0e35\u0e48 Bezzecchi \u0e1e\u0e2d\u0e43\u0e08\u0e01\u0e31\u0e1a\u0e2d\u0e31\u0e19\u0e14\u0e31\u0e1a 3 \u0e1a\u0e19\u0e42\u0e1e\u0e40\u0e14\u0e35\u0e22\u0e21\u0e43\u0e2b\u0e49\u0e01\u0e31\u0e1a Aprilia \u0e14\u0e49\u0e32\u0e19 \u00c1lex M\u00e1rquez \u0e41\u0e25\u0e30 Jorge Mart\u00edn \u0e15\u0e32\u0e21\u0e40\u0e02\u0e49\u0e32\u0e21\u0e32\u0e43\u0e19\u0e2d\u0e31\u0e19\u0e14\u0e31\u0e1a Top-5 \u0e17\u0e35\u0e48\u0e1b\u0e23\u0e30\u0e40\u0e17\u0e28\u0e2a\u0e40\u0e1b\u0e19<\/p>\n\n\n\n<p class=\"wp-block-paragraph\">\u0e2a\u0e33\u0e2b\u0e23\u0e31\u0e1a 10 \u0e2d\u0e31\u0e19\u0e14\u0e31\u0e1a\u0e41\u0e23\u0e01\u0e02\u0e2d\u0e07 Aragon GP \u0e43\u0e19\u0e28\u0e36\u0e01 MotoGP \u0e21\u0e35\u0e14\u0e31\u0e07\u0e19\u0e35\u0e49: Marc M\u00e1rquez, Pedro Acosta, Marco Bezzecchi, \u00c1lex M\u00e1rquez, Jorge Mart\u00edn, Ferm\u00edn Aldeguer, Fabio Di Giannantonio, Enea Bastianini, Diogo Moreira \u0e41\u0e25\u0e30 Brad Binder<\/p>\n\n\n\n<p class=\"wp-block-paragraph\">\u0e28\u0e36\u0e01 MotoGP \u0e08\u0e30\u0e01\u0e25\u0e31\u0e1a\u0e21\u0e32\u0e40\u0e23\u0e48\u0e07\u0e04\u0e27\u0e32\u0e21\u0e40\u0e23\u0e47\u0e27\u0e2d\u0e35\u0e01\u0e04\u0e23\u0e31\u0e49\u0e07\u0e23\u0e30\u0e2b\u0e27\u0e48\u0e32\u0e07\u0e27\u0e31\u0e19\u0e17\u0e35\u0e48 11-13 \u0e01\u0e31\u0e19\u0e22\u0e32\u0e22\u0e19 \u0e43\u0e19\u0e23\u0e32\u0e22\u0e01\u0e32\u0e23 San Marino and Rimini Riviera GP \u0e0b\u0e36\u0e48\u0e07\u0e40\u0e1b\u0e47\u0e19\u0e2a\u0e31\u0e07\u0e40\u0e27\u0e35\u0e22\u0e19\u0e17\u0e35\u0e48 14 \u0e02\u0e2d\u0e07\u0e24\u0e14\u0e39\u0e01\u0e32\u0e25 2026 \u0e42\u0e14\u0e22 GRANDE PR\u00caMIO \u0e08\u0e30\u0e15\u0e34\u0e14\u0e15\u0e32\u0e21\u0e16\u0e48\u0e32\u0e22\u0e17\u0e2d\u0e14\u0e2a\u0e14\u0e41\u0e25\u0e30\u0e23\u0e32\u0e22\u0e07\u0e32\u0e19\u0e02\u0e48\u0e32\u0e27\u0e17\u0e38\u0e01\u0e0a\u0e48\u0e27\u0e07\u0e01\u0e32\u0e23\u0e41\u0e02\u0e48\u0e07\u0e02\u0e31\u0e19\u0e40\u0e0a\u0e48\u0e19\u0e40\u0e04\u0e22<\/p>\n\n\n\n<p class=\"wp-block-paragraph\"><strong>\u0e40\u0e08\u0e32\u0e30\u0e25\u0e36\u0e01\u0e01\u0e32\u0e23\u0e41\u0e02\u0e48\u0e07\u0e02\u0e31\u0e19 Aragon GP \u0e02\u0e2d\u0e07 MotoGP:<\/strong><\/p>\n\n\n\n<p class=\"wp-block-paragraph\">\u0e28\u0e36\u0e01 MotoGP \u0e43\u0e19\u0e27\u0e31\u0e19\u0e2d\u0e32\u0e17\u0e34\u0e15\u0e22\u0e4c\u0e14\u0e33\u0e40\u0e19\u0e34\u0e19\u0e44\u0e1b\u0e20\u0e32\u0e22\u0e43\u0e15\u0e49\u0e17\u0e49\u0e2d\u0e07\u0e1f\u0e49\u0e32\u0e41\u0e08\u0e48\u0e21\u0e43\u0e2a\u0e41\u0e25\u0e30\u0e41\u0e14\u0e14\u0e08\u0e31\u0e14\u0e01\u0e25\u0e32\u0e07\u0e04\u0e27\u0e32\u0e21\u0e41\u0e2b\u0e49\u0e07\u0e41\u0e25\u0e49\u0e07\u0e02\u0e2d\u0e07 MotorLand \u0e43\u0e19\u0e0a\u0e48\u0e27\u0e07\u0e01\u0e32\u0e23\u0e41\u0e02\u0e48\u0e07\u0e02\u0e31\u0e19\u0e40\u0e21\u0e19\u0e40\u0e23\u0e0b\u0e23\u0e38\u0e48\u0e19\u0e1e\u0e23\u0e35\u0e40\u0e21\u0e35\u0e22\u0e23\u0e4c\u0e04\u0e25\u0e32\u0e2a \u0e2d\u0e38\u0e13\u0e2b\u0e20\u0e39\u0e21\u0e34\u0e2d\u0e32\u0e01\u0e32\u0e28\u0e27\u0e31\u0e14\u0e44\u0e14\u0e49 23\u00b0C \u0e41\u0e25\u0e30\u0e2d\u0e38\u0e13\u0e2b\u0e20\u0e39\u0e21\u0e34\u0e1e\u0e37\u0e49\u0e19\u0e41\u0e17\u0e23\u0e47\u0e01\u0e2d\u0e22\u0e39\u0e48\u0e17\u0e35\u0e48 31\u00b0C \u0e1e\u0e23\u0e49\u0e2d\u0e21\u0e04\u0e27\u0e32\u0e21\u0e40\u0e23\u0e47\u0e27\u0e25\u0e21 4 \u0e01\u0e21.\/\u0e0a\u0e21. \u0e41\u0e25\u0e30\u0e04\u0e27\u0e32\u0e21\u0e0a\u0e37\u0e49\u0e19 44%<\/p>\n\n\n\n<p class=\"wp-block-paragraph\">\u0e2a\u0e19\u0e32\u0e21\u0e19\u0e35\u0e49\u0e21\u0e35\u0e01\u0e32\u0e23\u0e01\u0e25\u0e31\u0e1a\u0e21\u0e32\u0e02\u0e2d\u0e07\u0e19\u0e31\u0e01\u0e41\u0e02\u0e48\u0e07\u0e04\u0e19\u0e2a\u0e33\u0e04\u0e31\u0e0d\u0e2d\u0e22\u0e48\u0e32\u0e07 Ferm\u00edn Aldeguer \u0e08\u0e32\u0e01 Gresini \u0e41\u0e25\u0e30 Johann Zarco \u0e08\u0e32\u0e01 LCR \u0e2a\u0e48\u0e27\u0e19\u0e1c\u0e39\u0e49\u0e17\u0e35\u0e48\u0e15\u0e49\u0e2d\u0e07\u0e1e\u0e25\u0e32\u0e14\u0e01\u0e32\u0e23\u0e41\u0e02\u0e48\u0e07\u0e02\u0e31\u0e19\u0e40\u0e19\u0e37\u0e48\u0e2d\u0e07\u0e08\u0e32\u0e01\u0e1a\u0e32\u0e14\u0e40\u0e08\u0e47\u0e1a\u0e04\u0e37\u0e2d Ai Ogura \u0e41\u0e25\u0e30 Maverick Vi\u00f1ales \u0e42\u0e14\u0e22\u0e19\u0e31\u0e01\u0e1a\u0e34\u0e14\u0e0a\u0e32\u0e27\u0e0d\u0e35\u0e48\u0e1b\u0e38\u0e48\u0e19\u0e16\u0e39\u0e01\u0e41\u0e17\u0e19\u0e17\u0e35\u0e48\u0e42\u0e14\u0e22 Lorenzo Savadori \u0e43\u0e19\u0e17\u0e35\u0e21 Trackhouse \u0e02\u0e13\u0e30\u0e17\u0e35\u0e48 Pol Espargar\u00f3 \u0e22\u0e31\u0e07\u0e04\u0e07\u0e25\u0e07\u0e02\u0e31\u0e1a\u0e41\u0e17\u0e19\u0e19\u0e31\u0e01\u0e1a\u0e34\u0e14 Tech3<\/p>\n\n\n\n<p class=\"wp-block-paragraph\">\u0e0a\u0e48\u0e27\u0e07\u0e2d\u0e2d\u0e01\u0e2a\u0e15\u0e32\u0e23\u0e4c\u0e17 Marc M\u00e1rquez \u0e1e\u0e22\u0e32\u0e22\u0e32\u0e21\u0e42\u0e08\u0e21\u0e15\u0e35 Bezzecchi \u0e2d\u0e35\u0e01\u0e04\u0e23\u0e31\u0e49\u0e07\u0e17\u0e35\u0e48\u0e42\u0e04\u0e49\u0e07 1 \u0e41\u0e15\u0e48\u0e44\u0e21\u0e48\u0e2a\u0e32\u0e21\u0e32\u0e23\u0e16\u0e41\u0e0b\u0e07\u0e02\u0e36\u0e49\u0e19\u0e19\u0e33\u0e44\u0e14\u0e49\u0e43\u0e19\u0e42\u0e04\u0e49\u0e07\u0e16\u0e31\u0e14\u0e46 \u0e44\u0e1b \u0e08\u0e19\u0e16\u0e39\u0e01\u0e23\u0e16\u0e2b\u0e21\u0e32\u0e22\u0e40\u0e25\u0e02 #72 \u0e02\u0e2d\u0e07 Aprilia \u0e41\u0e0b\u0e07\u0e01\u0e25\u0e31\u0e1a\u0e02\u0e36\u0e49\u0e19\u0e44\u0e1b\u0e40\u0e1b\u0e47\u0e19\u0e1c\u0e39\u0e49\u0e19\u0e33\u0e41\u0e25\u0e30\u0e17\u0e33\u0e23\u0e30\u0e22\u0e30\u0e2b\u0e48\u0e32\u0e07\u0e2d\u0e2d\u0e01\u0e44\u0e1b Jorge Mart\u00edn \u0e01\u0e47\u0e43\u0e0a\u0e49\u0e1b\u0e23\u0e30\u0e42\u0e22\u0e0a\u0e19\u0e4c\u0e08\u0e32\u0e01\u0e08\u0e31\u0e07\u0e2b\u0e27\u0e30\u0e17\u0e35\u0e48\u0e14\u0e38\u0e14\u0e31\u0e19\u0e02\u0e2d\u0e07 #93 \u0e41\u0e0b\u0e07\u0e02\u0e36\u0e49\u0e19\u0e44\u0e1b\u0e2d\u0e22\u0e39\u0e48\u0e2d\u0e31\u0e19\u0e14\u0e31\u0e1a 2 \u0e2a\u0e48\u0e07\u0e1c\u0e25\u0e43\u0e2b\u0e49 Marc \u0e15\u0e01\u0e44\u0e1b\u0e2d\u0e22\u0e39\u0e48\u0e2d\u0e31\u0e19\u0e14\u0e31\u0e1a 3 \u0e2a\u0e48\u0e27\u0e19 Pedro Acosta \u0e2d\u0e22\u0e39\u0e48\u0e43\u0e19\u0e2d\u0e31\u0e19\u0e14\u0e31\u0e1a 4 \u0e41\u0e25\u0e30 Ra\u00fal Fern\u00e1ndez \u0e2d\u0e31\u0e19\u0e14\u0e31\u0e1a 5<\/p>\n\n\n\n<p class=\"wp-block-paragraph\">\u0e2b\u0e25\u0e31\u0e07\u0e08\u0e32\u0e01\u0e19\u0e31\u0e49\u0e19 Marc M\u00e1rquez \u0e2a\u0e32\u0e21\u0e32\u0e23\u0e16\u0e15\u0e31\u0e49\u0e07\u0e2b\u0e25\u0e31\u0e01\u0e44\u0e14\u0e49\u0e41\u0e25\u0e30\u0e02\u0e22\u0e31\u0e1a\u0e01\u0e25\u0e31\u0e1a\u0e02\u0e36\u0e49\u0e19\u0e21\u0e32\u0e2d\u0e22\u0e39\u0e48\u0e2d\u0e31\u0e19\u0e14\u0e31\u0e1a 2 \u0e08\u0e32\u0e01\u0e01\u0e32\u0e23\u0e1a\u0e14\u0e41\u0e22\u0e48\u0e07\u0e1e\u0e37\u0e49\u0e19\u0e17\u0e35\u0e48\u0e43\u0e19\u0e42\u0e04\u0e49\u0e07 15 \u0e01\u0e31\u0e1a Mart\u00edn \u0e43\u0e19\u0e02\u0e13\u0e30\u0e40\u0e14\u0e35\u0e22\u0e27\u0e01\u0e31\u0e19 Bezzecchi \u0e0b\u0e36\u0e48\u0e07\u0e22\u0e31\u0e07\u0e04\u0e07\u0e21\u0e35\u0e02\u0e49\u0e2d\u0e08\u0e33\u0e01\u0e31\u0e14\u0e17\u0e32\u0e07\u0e23\u0e48\u0e32\u0e07\u0e01\u0e32\u0e22\u0e08\u0e32\u0e01\u0e2d\u0e32\u0e01\u0e32\u0e23\u0e1a\u0e32\u0e14\u0e40\u0e08\u0e47\u0e1a\u0e17\u0e35\u0e48\u0e40\u0e02\u0e48\u0e32\u0e0b\u0e49\u0e32\u0e22 \u0e2d\u0e32\u0e28\u0e31\u0e22\u0e08\u0e31\u0e07\u0e2b\u0e27\u0e30\u0e41\u0e22\u0e48\u0e07\u0e2d\u0e31\u0e19\u0e14\u0e31\u0e1a 2 \u0e14\u0e49\u0e32\u0e19\u0e2b\u0e25\u0e31\u0e07 \u0e17\u0e33\u0e23\u0e30\u0e22\u0e30\u0e2b\u0e48\u0e32\u0e07\u0e19\u0e33\u0e2d\u0e22\u0e39\u0e48\u0e17\u0e35\u0e48 0.8 \u0e27\u0e34\u0e19\u0e32\u0e17\u0e35<\/p>\n\n\n\n<p class=\"wp-block-paragraph\">\u0e2d\u0e35\u0e01\u0e2b\u0e19\u0e36\u0e48\u0e07\u0e04\u0e19\u0e17\u0e35\u0e48\u0e02\u0e22\u0e31\u0e1a\u0e02\u0e36\u0e49\u0e19\u0e21\u0e32\u0e04\u0e37\u0e2d Acosta \u0e17\u0e35\u0e48\u0e1e\u0e38\u0e48\u0e07\u0e02\u0e36\u0e49\u0e19\u0e2a\u0e39\u0e48\u0e2d\u0e31\u0e19\u0e14\u0e31\u0e1a 3 \u0e41\u0e25\u0e30\u0e40\u0e23\u0e34\u0e48\u0e21\u0e01\u0e14\u0e14\u0e31\u0e19\u0e44\u0e25\u0e48\u0e15\u0e32\u0e21 Marc M\u00e1rquez \u0e2d\u0e22\u0e48\u0e32\u0e07\u0e01\u0e23\u0e30\u0e0a\u0e31\u0e49\u0e19\u0e0a\u0e34\u0e14 \u0e1e\u0e23\u0e49\u0e2d\u0e21\u0e25\u0e14\u0e23\u0e30\u0e22\u0e30\u0e2b\u0e48\u0e32\u0e07\u0e08\u0e32\u0e01 Bezzecchi \u0e43\u0e19\u0e01\u0e32\u0e23\u0e41\u0e22\u0e48\u0e07\u0e0a\u0e34\u0e07\u0e15\u0e33\u0e41\u0e2b\u0e19\u0e48\u0e07\u0e1c\u0e39\u0e49\u0e19\u0e33 \u0e43\u0e19\u0e01\u0e25\u0e38\u0e48\u0e21\u0e01\u0e25\u0e32\u0e07 Moreira \u0e2d\u0e2d\u0e01\u0e2a\u0e15\u0e32\u0e23\u0e4c\u0e17\u0e44\u0e14\u0e49\u0e14\u0e35\u0e41\u0e25\u0e30\u0e23\u0e31\u0e01\u0e29\u0e32\u0e2d\u0e31\u0e19\u0e14\u0e31\u0e1a 10 \u0e44\u0e27\u0e49\u0e44\u0e14\u0e49\u0e43\u0e19\u0e23\u0e2d\u0e1a\u0e41\u0e23\u0e01\u0e46 \u0e41\u0e15\u0e48\u0e40\u0e23\u0e34\u0e48\u0e21\u0e16\u0e39\u0e01\u0e01\u0e14\u0e14\u0e31\u0e19\u0e08\u0e32\u0e01 Johann Zarco \u0e40\u0e1e\u0e37\u0e48\u0e2d\u0e19\u0e23\u0e48\u0e27\u0e21\u0e17\u0e35\u0e21 LCR \u0e17\u0e35\u0e48\u0e15\u0e32\u0e21\u0e21\u0e32\u0e43\u0e19\u0e2d\u0e31\u0e19\u0e14\u0e31\u0e1a 11<\/p>\n\n\n\n<p class=\"wp-block-paragraph\">\u0e15\u0e31\u0e49\u0e07\u0e41\u0e15\u0e48\u0e23\u0e2d\u0e1a\u0e17\u0e35\u0e48 5 \u0e40\u0e2b\u0e15\u0e38\u0e01\u0e32\u0e23\u0e13\u0e4c\u0e40\u0e23\u0e34\u0e48\u0e21\u0e40\u0e1b\u0e25\u0e35\u0e48\u0e22\u0e19\u0e44\u0e1b Marc M\u00e1rquez \u0e40\u0e1e\u0e34\u0e48\u0e21\u0e41\u0e23\u0e07\u0e01\u0e14\u0e14\u0e31\u0e19\u0e41\u0e25\u0e30\u0e40\u0e02\u0e49\u0e32\u0e43\u0e01\u0e25\u0e49 Bezzecchi \u0e40\u0e23\u0e37\u0e48\u0e2d\u0e22\u0e46 \u0e25\u0e14\u0e23\u0e30\u0e22\u0e30\u0e2b\u0e48\u0e32\u0e07\u0e08\u0e32\u0e01 0.8 \u0e27\u0e34\u0e19\u0e32\u0e17\u0e35 \u0e40\u0e2b\u0e25\u0e37\u0e2d\u0e40\u0e1e\u0e35\u0e22\u0e07 0.4 \u0e27\u0e34\u0e19\u0e32\u0e17\u0e35 \u0e43\u0e19\u0e2d\u0e35\u0e01\u0e2a\u0e2d\u0e07\u0e23\u0e2d\u0e1a\u0e16\u0e31\u0e14\u0e21\u0e32 \u0e19\u0e31\u0e01\u0e1a\u0e34\u0e14\u0e0a\u0e32\u0e27\u0e2a\u0e40\u0e1b\u0e19\u0e01\u0e47\u0e40\u0e02\u0e49\u0e32\u0e44\u0e1b\u0e08\u0e48\u0e2d\u0e17\u0e49\u0e32\u0e22\u0e23\u0e16 Aprilia \u0e41\u0e25\u0e30\u0e01\u0e32\u0e23\u0e41\u0e0b\u0e07\u0e01\u0e47\u0e40\u0e01\u0e34\u0e14\u0e02\u0e36\u0e49\u0e19\u0e43\u0e19\u0e17\u0e35\u0e48\u0e2a\u0e38\u0e14<\/p>\n\n\n\n<p class=\"wp-block-paragraph\">\u0e01\u0e32\u0e23\u0e41\u0e0b\u0e07\u0e40\u0e01\u0e34\u0e14\u0e02\u0e36\u0e49\u0e19\u0e43\u0e19\u0e40\u0e0b\u0e01\u0e40\u0e15\u0e2d\u0e23\u0e4c\u0e2a\u0e38\u0e14\u0e17\u0e49\u0e32\u0e22\u0e02\u0e2d\u0e07\u0e23\u0e2d\u0e1a\u0e17\u0e35\u0e48 6 Marc \u0e40\u0e1b\u0e34\u0e14\u0e01\u0e32\u0e23\u0e42\u0e08\u0e21\u0e15\u0e35\u0e43\u0e2a\u0e48 Bezzecchi \u0e41\u0e25\u0e30\u0e1a\u0e14\u0e01\u0e31\u0e19\u0e43\u0e19\u0e17\u0e32\u0e07\u0e15\u0e23\u0e07\u0e15\u0e23\u0e07\u0e02\u0e49\u0e32\u0e21\u0e08\u0e19\u0e2a\u0e38\u0e14\u0e17\u0e32\u0e07\u0e40\u0e1e\u0e37\u0e48\u0e2d\u0e02\u0e36\u0e49\u0e19\u0e19\u0e33 Acosta \u0e2d\u0e32\u0e28\u0e31\u0e22\u0e0a\u0e48\u0e27\u0e07\u0e27\u0e38\u0e48\u0e19\u0e27\u0e32\u0e22\u0e19\u0e35\u0e49\u0e41\u0e0b\u0e07\u0e02\u0e36\u0e49\u0e19\u0e21\u0e32\u0e2d\u0e22\u0e39\u0e48\u0e2d\u0e31\u0e19\u0e14\u0e31\u0e1a 2 \u0e40\u0e1e\u0e37\u0e48\u0e2d\u0e40\u0e15\u0e23\u0e35\u0e22\u0e21\u0e40\u0e1b\u0e34\u0e14\u0e01\u0e32\u0e23\u0e42\u0e08\u0e21\u0e15\u0e35\u0e43\u0e2a\u0e48\u0e19\u0e31\u0e01\u0e1a\u0e34\u0e14\u0e0a\u0e32\u0e27\u0e01\u0e32\u0e15\u0e32\u0e25\u0e31\u0e19<\/p>\n\n\n\n<p class=\"wp-block-paragraph\">\u0e2d\u0e38\u0e1a\u0e31\u0e15\u0e34\u0e40\u0e2b\u0e15\u0e38\u0e25\u0e49\u0e21\u0e04\u0e23\u0e31\u0e49\u0e07\u0e41\u0e23\u0e01\u0e02\u0e2d\u0e07\u0e01\u0e32\u0e23\u0e41\u0e02\u0e48\u0e07\u0e02\u0e31\u0e19\u0e40\u0e01\u0e34\u0e14\u0e02\u0e36\u0e49\u0e19\u0e01\u0e31\u0e1a Francesco Bagnaia \u0e41\u0e25\u0e30 Franco Morbidelli \u0e41\u0e15\u0e48\u0e44\u0e21\u0e48\u0e21\u0e35\u0e20\u0e32\u0e1e\u0e1b\u0e23\u0e32\u0e01\u0e0f\u0e43\u0e19\u0e2a\u0e31\u0e0d\u0e0d\u0e32\u0e13\u0e16\u0e48\u0e32\u0e22\u0e17\u0e2d\u0e14\u0e2a\u0e14 \u0e08\u0e32\u0e01\u0e40\u0e2b\u0e15\u0e38\u0e01\u0e32\u0e23\u0e13\u0e4c\u0e19\u0e35\u0e49\u0e17\u0e33\u0e43\u0e2b\u0e49 Moreira \u0e02\u0e22\u0e31\u0e1a\u0e02\u0e36\u0e49\u0e19\u0e21\u0e32\u0e2d\u0e22\u0e39\u0e48\u0e2d\u0e31\u0e19\u0e14\u0e31\u0e1a 8 \u0e41\u0e25\u0e30\u0e01\u0e25\u0e32\u0e22\u0e40\u0e1b\u0e47\u0e19\u0e23\u0e16 Honda \u0e17\u0e35\u0e48\u0e17\u0e33\u0e1c\u0e25\u0e07\u0e32\u0e19\u0e14\u0e35\u0e17\u0e35\u0e48\u0e2a\u0e38\u0e14\u0e1a\u0e19\u0e41\u0e17\u0e23\u0e47\u0e01<\/p>\n\n\n\n<p class=\"wp-block-paragraph\">Acosta \u0e44\u0e21\u0e48\u0e1c\u0e48\u0e2d\u0e19\u0e40\u0e04\u0e23\u0e37\u0e48\u0e2d\u0e07\u0e22\u0e19\u0e15\u0e4c\u0e41\u0e25\u0e30\u0e40\u0e04\u0e49\u0e19\u0e1b\u0e23\u0e30\u0e2a\u0e34\u0e17\u0e18\u0e34\u0e20\u0e32\u0e1e\u0e2a\u0e39\u0e07\u0e2a\u0e38\u0e14\u0e08\u0e32\u0e01\u0e23\u0e16 KTM \u0e40\u0e1e\u0e37\u0e48\u0e2d\u0e44\u0e21\u0e48\u0e43\u0e2b\u0e49 Marc M\u00e1rquez \u0e02\u0e35\u0e48\u0e09\u0e35\u0e01\u0e2b\u0e19\u0e35\u0e44\u0e1b\u0e43\u0e19\u0e04\u0e23\u0e36\u0e48\u0e07\u0e2b\u0e25\u0e31\u0e07\u0e02\u0e2d\u0e07\u0e01\u0e32\u0e23\u0e41\u0e02\u0e48\u0e07\u0e02\u0e31\u0e19 \u0e23\u0e16\u0e41\u0e02\u0e48\u0e07 RC16 \u0e17\u0e35\u0e48\u0e44\u0e14\u0e49\u0e23\u0e31\u0e1a\u0e01\u0e32\u0e23\u0e1b\u0e23\u0e31\u0e1a\u0e1b\u0e23\u0e38\u0e07\u0e40\u0e04\u0e23\u0e37\u0e48\u0e2d\u0e07\u0e22\u0e19\u0e15\u0e4c\u0e08\u0e32\u0e01\u0e1b\u0e31\u0e0d\u0e2b\u0e32\u0e04\u0e27\u0e32\u0e21\u0e19\u0e48\u0e32\u0e40\u0e0a\u0e37\u0e48\u0e2d\u0e16\u0e37\u0e2d \u0e14\u0e39\u0e40\u0e2b\u0e21\u0e37\u0e2d\u0e19\u0e08\u0e30\u0e17\u0e33\u0e1c\u0e25\u0e07\u0e32\u0e19\u0e44\u0e14\u0e49\u0e14\u0e35\u0e02\u0e36\u0e49\u0e19\u0e43\u0e19\u0e21\u0e37\u0e2d\u0e02\u0e2d\u0e07\u0e2b\u0e21\u0e32\u0e22\u0e40\u0e25\u0e02 #37 \u0e40\u0e21\u0e37\u0e48\u0e2d\u0e40\u0e17\u0e35\u0e22\u0e1a\u0e01\u0e31\u0e1a\u0e2a\u0e19\u0e32\u0e21\u0e01\u0e48\u0e2d\u0e19\u0e2b\u0e19\u0e49\u0e32<\/p>\n\n\n\n<p class=\"wp-block-paragraph\">\u0e41\u0e21\u0e49\u0e27\u0e48\u0e32\u0e19\u0e31\u0e01\u0e1a\u0e34\u0e14\u0e2a\u0e40\u0e1b\u0e19\u0e08\u0e32\u0e01 KTM \u0e08\u0e30\u0e1e\u0e22\u0e32\u0e22\u0e32\u0e21\u0e2d\u0e22\u0e48\u0e32\u0e07\u0e2b\u0e19\u0e31\u0e01 \u0e41\u0e15\u0e48 Marc M\u00e1rquez \u0e01\u0e47\u0e40\u0e23\u0e34\u0e48\u0e21\u0e17\u0e33\u0e23\u0e30\u0e22\u0e30\u0e2b\u0e48\u0e32\u0e07\u0e17\u0e34\u0e49\u0e07\u0e2b\u0e48\u0e32\u0e07\u0e15\u0e31\u0e49\u0e07\u0e41\u0e15\u0e48\u0e23\u0e2d\u0e1a\u0e17\u0e35\u0e48 14 \u0e41\u0e25\u0e30\u0e21\u0e38\u0e48\u0e07\u0e2b\u0e19\u0e49\u0e32\u0e2a\u0e39\u0e48\u0e0a\u0e31\u0e22\u0e0a\u0e19\u0e30\u0e2d\u0e22\u0e48\u0e32\u0e07\u0e2a\u0e1a\u0e32\u0e22\u0e46 \u0e43\u0e19\u0e23\u0e2d\u0e1a\u0e17\u0e35\u0e48 15 \u0e23\u0e30\u0e22\u0e30\u0e2b\u0e48\u0e32\u0e07\u0e02\u0e2d\u0e07\u0e2b\u0e21\u0e32\u0e22\u0e40\u0e25\u0e02 #93 \u0e19\u0e33\u0e2d\u0e22\u0e39\u0e48\u0e40\u0e01\u0e37\u0e2d\u0e1a 1 \u0e27\u0e34\u0e19\u0e32\u0e17\u0e35 \u0e42\u0e14\u0e22\u0e21\u0e35 Bezzecchi \u0e2d\u0e22\u0e39\u0e48\u0e43\u0e19\u0e2d\u0e31\u0e19\u0e14\u0e31\u0e1a 3 \u0e2a\u0e48\u0e27\u0e19 \u00c1lex M\u00e1rquez \u0e41\u0e25\u0e30 Jorge Mart\u00edn \u0e1b\u0e34\u0e14\u0e17\u0e49\u0e32\u0e22 Top-5<\/p>\n\n\n\n<p class=\"wp-block-paragraph\">\u0e43\u0e19\u0e17\u0e49\u0e32\u0e22\u0e17\u0e35\u0e48\u0e2a\u0e38\u0e14 Marc M\u00e1rquez \u0e04\u0e27\u0e49\u0e32\u0e0a\u0e31\u0e22\u0e0a\u0e19\u0e30\u0e2d\u0e22\u0e48\u0e32\u0e07\u0e40\u0e2b\u0e19\u0e37\u0e2d\u0e0a\u0e31\u0e49\u0e19\u0e40\u0e1b\u0e47\u0e19\u0e2a\u0e19\u0e32\u0e21\u0e17\u0e35\u0e48\u0e2a\u0e32\u0e21\u0e15\u0e34\u0e14\u0e15\u0e48\u0e2d\u0e01\u0e31\u0e19\u0e17\u0e35\u0e48 Aragon \u0e41\u0e15\u0e48\u0e04\u0e27\u0e32\u0e21\u0e15\u0e37\u0e48\u0e19\u0e40\u0e15\u0e49\u0e19\u0e43\u0e19\u0e23\u0e2d\u0e1a\u0e17\u0e49\u0e32\u0e22\u0e46 \u0e15\u0e01\u0e44\u0e1b\u0e2d\u0e22\u0e39\u0e48\u0e17\u0e35\u0e48\u0e01\u0e32\u0e23\u0e41\u0e22\u0e48\u0e07\u0e0a\u0e34\u0e07\u0e2d\u0e31\u0e19\u0e14\u0e31\u0e1a 8 \u0e23\u0e30\u0e2b\u0e27\u0e48\u0e32\u0e07 Moreira \u0e41\u0e25\u0e30 Bastianini \u0e0b\u0e36\u0e48\u0e07\u0e19\u0e31\u0e01\u0e02\u0e31\u0e1a\u0e08\u0e32\u0e01 Tech3 \u0e40\u0e1b\u0e47\u0e19\u0e1d\u0e48\u0e32\u0e22\u0e44\u0e14\u0e49\u0e40\u0e1b\u0e23\u0e35\u0e22\u0e1a \u0e17\u0e33\u0e43\u0e2b\u0e49\u0e19\u0e31\u0e01\u0e02\u0e31\u0e1a\u0e0a\u0e32\u0e27\u0e1a\u0e23\u0e32\u0e0b\u0e34\u0e25\u0e40\u0e02\u0e49\u0e32\u0e40\u0e2a\u0e49\u0e19\u0e0a\u0e31\u0e22\u0e43\u0e19\u0e2d\u0e31\u0e19\u0e14\u0e31\u0e1a 9<\/p>\n\n\n\n<h3 class=\"wp-block-heading\">\u0e1c\u0e25\u0e01\u0e32\u0e23\u0e41\u0e02\u0e48\u0e07\u0e02\u0e31\u0e19 MotoGP 2026 \u0e17\u0e35\u0e48 Aragon<\/h3>\n\n\n\n<figure class=\"wp-block-table\"><table class=\"has-fixed-layout\"><thead><tr><td><strong>\u0e2d\u0e31\u0e19\u0e14\u0e31\u0e1a<\/strong><\/td><td><strong>\u0e19\u0e31\u0e01\u0e41\u0e02\u0e48\u0e07<\/strong><\/td><td><strong>\u0e17\u0e35\u0e21<\/strong><\/td><td><strong>\u0e40\u0e27\u0e25\u0e32\/\u0e23\u0e30\u0e22\u0e30\u0e2b\u0e48\u0e32\u0e07<\/strong><\/td><\/tr><\/thead><tbody><tr><td><strong>1<\/strong><\/td><td>M. M\u00c1RQUEZ<\/td><td>Ducati<\/td><td>23 \u0e23\u0e2d\u0e1a<\/td><\/tr><tr><td><strong>2<\/strong><\/td><td>P. ACOSTA<\/td><td>KTM<\/td><td>+ 1.754<\/td><\/tr><tr><td><strong>3<\/strong><\/td><td>M. BEZZECCHI<\/td><td>Aprilia<\/td><td>+ 3.629<\/td><\/tr><tr><td><strong>4<\/strong><\/td><td>A. M\u00c1RQUEZ<\/td><td>Gresini Ducati<\/td><td>+ 8.687<\/td><\/tr><tr><td><strong>5<\/strong><\/td><td>J. MART\u00cdN<\/td><td>Aprilia<\/td><td>+ 12.572<\/td><\/tr><tr><td><strong>6<\/strong><\/td><td>F. ALDEGUER<\/td><td>Gresini Ducati<\/td><td>+ 17.687<\/td><\/tr><tr><td><strong>7<\/strong><\/td><td>F. DI GIANNANTONIO<\/td><td>VR46 Ducati<\/td><td>+ 23.136<\/td><\/tr><tr><td><strong>8<\/strong><\/td><td>E. BASTIANINI<\/td><td>Tech3 KTM<\/td><td>+ 25.741<\/td><\/tr><tr><td><strong>9<\/strong><\/td><td>D. MOREIRA<\/td><td>LCR Honda<\/td><td>+ 25.899<\/td><\/tr><tr><td><strong>10<\/strong><\/td><td>B. BINDER<\/td><td>KTM<\/td><td>+ 26.441<\/td><\/tr><tr><td><strong>11<\/strong><\/td><td>J. MILLER<\/td><td>Pramac Yamaha<\/td><td>+ 27.206<\/td><\/tr><tr><td><strong>12<\/strong><\/td><td>J. MIR<\/td><td>Honda<\/td><td>+ 27.999<\/td><\/tr><tr><td><strong>13<\/strong><\/td><td>A. RINS<\/td><td>Yamaha<\/td><td>+ 28.276<\/td><\/tr><tr><td><strong>14<\/strong><\/td><td>L. MARINI<\/td><td>Honda<\/td><td>+ 29.794<\/td><\/tr><tr><td><strong>15<\/strong><\/td><td>J. ZARCO<\/td><td>LCR Honda<\/td><td>+ 30.003<\/td><\/tr><tr><td><strong>16<\/strong><\/td><td>P. ESPARGAR\u00d3<\/td><td>Tech3 KTM<\/td><td>+ 35.874<\/td><\/tr><tr><td><strong>17<\/strong><\/td><td>L. SAVADORI<\/td><td>Trackhouse Aprilia<\/td><td>+ 49.761<\/td><\/tr><tr><td><strong>18<\/strong><\/td><td>F. QUARTARARO<\/td><td>Yamaha<\/td><td>+ 51.657<\/td><\/tr><tr><td><strong>DNF<\/strong><\/td><td>T. RAZGATLIOGLU<\/td><td>Pramac Yamaha<\/td><td>\u0e16\u0e2d\u0e19\u0e15\u0e31\u0e27<\/td><\/tr><tr><td><strong>DNF<\/strong><\/td><td>R. FERN\u00c1NDEZ<\/td><td>Trackhouse Aprilia<\/td><td>\u0e16\u0e2d\u0e19\u0e15\u0e31\u0e27<\/td><\/tr><tr><td><strong>DNF<\/strong><\/td><td>F. MORBIDELLI<\/td><td>VR46 Ducati<\/td><td>\u0e16\u0e2d\u0e19\u0e15\u0e31\u0e27<\/td><\/tr><tr><td><strong>DNF<\/strong><\/td><td>F. BAGNAIA<\/td><td>Ducati<\/td><td>\u0e16\u0e2d\u0e19\u0e15\u0e31\u0e27<\/td><\/tr><\/tbody><\/table><\/figure>\n\n\n\n<p class=\"wp-block-paragraph\"><strong>Legendas das fotos\/v\u00eddeos<\/strong><\/p>\n\n\n\n<ul class=\"wp-block-list\">\n<li><em>(\u0e20\u0e32\u0e1e: Diogo Moreira \u0e17\u0e33\u0e1c\u0e25\u0e07\u0e32\u0e19\u0e42\u0e14\u0e14\u0e40\u0e14\u0e48\u0e19\u0e15\u0e34\u0e14\u0e2d\u0e31\u0e19\u0e14\u0e31\u0e1a 9 \u0e43\u0e19\u0e28\u0e36\u0e01 Aragon GP \/ \u0e23\u0e39\u0e1b\u0e20\u0e32\u0e1e: Divulga\u00e7\u00e3o\/MotoGP)<\/em><\/li>\n\n\n\n<li><em>(\u0e27\u0e34\u0e14\u0e35\u0e42\u0e2d: Bezzecchi \u0e44\u0e14\u0e49\u0e40\u0e1b\u0e23\u0e35\u0e22\u0e1a\u0e43\u0e19\u0e01\u0e32\u0e23\u0e14\u0e27\u0e25\u0e01\u0e31\u0e1a Marc M\u00e1rquez \u0e0a\u0e48\u0e27\u0e07\u0e2d\u0e2d\u0e01\u0e2a\u0e15\u0e32\u0e23\u0e4c\u0e17 \/ \u0e27\u0e34\u0e14\u0e35\u0e42\u0e2d: MotoGP)<\/em><\/li>\n\n\n\n<li><em>(\u0e27\u0e34\u0e14\u0e35\u0e42\u0e2d: Marc M\u00e1rquez \u0e02\u0e36\u0e49\u0e19\u0e19\u0e33\u0e14\u0e49\u0e27\u0e22\u0e01\u0e32\u0e23\u0e41\u0e0b\u0e07 Bezzecchi \/ \u0e27\u0e34\u0e14\u0e35\u0e42\u0e2d: MotoGP)<\/em><\/li>\n\n\n\n<li><em>(\u0e27\u0e34\u0e14\u0e35\u0e42\u0e2d: Acosta \u0e44\u0e25\u0e48\u0e08\u0e35\u0e49 Marc \u0e40\u0e1e\u0e37\u0e48\u0e2d\u0e25\u0e38\u0e49\u0e19\u0e0a\u0e31\u0e22\u0e0a\u0e19\u0e30\u0e17\u0e35\u0e48 Aragon \/ \u0e27\u0e34\u0e14\u0e35\u0e42\u0e2d: MotoGP)<\/em><\/li>\n<\/ul>\n\n\n\n<p class=\"wp-block-paragraph\"><strong>FAQ<\/strong><\/p>\n\n\n\n<p class=\"wp-block-paragraph\"><strong>Q: \u0e40\u0e01\u0e34\u0e14\u0e2d\u0e30\u0e44\u0e23\u0e02\u0e36\u0e49\u0e19\u0e01\u0e31\u0e1a Francesco Bagnaia \u0e43\u0e19\u0e01\u0e32\u0e23\u0e41\u0e02\u0e48\u0e07\u0e02\u0e31\u0e19\u0e04\u0e23\u0e31\u0e49\u0e07\u0e19\u0e35\u0e49?<\/strong><\/p>\n\n\n\n<p class=\"wp-block-paragraph\">A: Francesco Bagnaia \u0e1b\u0e23\u0e30\u0e2a\u0e1a\u0e2d\u0e38\u0e1a\u0e31\u0e15\u0e34\u0e40\u0e2b\u0e15\u0e38\u0e25\u0e49\u0e21\u0e08\u0e19\u0e15\u0e49\u0e2d\u0e07\u0e16\u0e2d\u0e19\u0e15\u0e31\u0e27\u0e2d\u0e2d\u0e01\u0e08\u0e32\u0e01\u0e01\u0e32\u0e23\u0e41\u0e02\u0e48\u0e07\u0e02\u0e31\u0e19 (DNF) \u0e23\u0e48\u0e27\u0e21\u0e01\u0e31\u0e1a Franco Morbidelli \u0e0b\u0e36\u0e48\u0e07\u0e40\u0e2b\u0e15\u0e38\u0e01\u0e32\u0e23\u0e13\u0e4c\u0e25\u0e49\u0e21\u0e44\u0e21\u0e48\u0e44\u0e14\u0e49\u0e16\u0e39\u0e01\u0e19\u0e33\u0e40\u0e2a\u0e19\u0e2d\u0e43\u0e19\u0e2a\u0e31\u0e0d\u0e0d\u0e32\u0e13\u0e16\u0e48\u0e32\u0e22\u0e17\u0e2d\u0e14\u0e2a\u0e14<\/p>\n\n\n\n<p class=\"wp-block-paragraph\"><strong>Q: \u0e01\u0e32\u0e23\u0e41\u0e02\u0e48\u0e07\u0e02\u0e31\u0e19 MotoGP \u0e2a\u0e19\u0e32\u0e21\u0e16\u0e31\u0e14\u0e44\u0e1b\u0e08\u0e30\u0e08\u0e31\u0e14\u0e02\u0e36\u0e49\u0e19\u0e40\u0e21\u0e37\u0e48\u0e2d\u0e44\u0e2b\u0e23\u0e48\u0e41\u0e25\u0e30\u0e17\u0e35\u0e48\u0e44\u0e2b\u0e19?<\/strong><\/p>\n\n\n\n<h2 class=\"wp-block-heading\">A: \u0e2a\u0e19\u0e32\u0e21\u0e16\u0e31\u0e14\u0e44\u0e1b\u0e04\u0e37\u0e2d San Marino and Rimini Riviera GP (\u0e2a\u0e19\u0e32\u0e21\u0e17\u0e35\u0e48 14 \u0e02\u0e2d\u0e07\u0e24\u0e14\u0e39\u0e01\u0e32\u0e25 2026) \u0e08\u0e31\u0e14\u0e02\u0e36\u0e49\u0e19\u0e23\u0e30\u0e2b\u0e27\u0e48\u0e32\u0e07\u0e27\u0e31\u0e19\u0e17\u0e35\u0e48 11-13 \u0e01\u0e31\u0e19\u0e22\u0e32\u0e22\u0e19 2026<\/h2>\n\n\n\n<div class=\"wp-block-columns is-layout-flex wp-container-core-columns-is-layout-8f761849 wp-block-columns-is-layout-flex\">\n<div class=\"wp-block-column is-layout-flow wp-block-column-is-layout-flow\" style=\"flex-basis:100%\"><\/div>\n<\/div>\n\n\n\n<p class=\"wp-block-paragraph\"><\/p>\n","protected":false},"excerpt":{"rendered":"<p>Marc M\u00e1rquez \u0e41\u0e2a\u0e14\u0e07\u0e43\u0e2b\u0e49\u0e40\u0e2b\u0e47\u0e19\u0e2d\u0e35\u0e01\u0e04\u0e23\u0e31\u0e49\u0e07\u0e27\u0e48\u0e32\u0e40\u0e2b\u0e15\u0e38\u0e43\u0e14\u0e40\u0e02\u0e32\u0e08\u0e36\u0e07\u0e40\u0e1b\u0e47\u0e19\u0e40\u0e08\u0e49\u0e32\u0e41\u0e2b\u0e48\u0e07\u0e2a\u0e19\u0e32\u0e21 MotorLand \u0e44\u0e25\u0e48\u0e2a\u0e22\u0e1a Marco Bezzecchi \u0e15\u0e49\u0e32\u0e19\u0e17\u0e32\u0e19\u0e41\u0e23\u0e07\u0e01\u0e14\u0e14\u0e31\u0e19\u0e08\u0e32\u0e01 Pedro Acosta \u0e41\u0e25\u0e30\u0e04\u0e27\u0e49\u0e32\u0e0a\u0e31\u0e22\u0e0a\u0e19\u0e30\u0e01\u0e27\u0e32\u0e14\u0e40\u0e2b\u0e21\u0e32\u0e17\u0e31\u0e49\u0e07\u0e2a\u0e1b\u0e23\u0e34\u0e19\u0e15\u0e4c\u0e41\u0e25\u0e30\u0e40\u0e21\u0e19\u0e40\u0e23\u0e0b\u0e43\u0e19\u0e28\u0e36\u0e01 MotoGP 2026 \u0e23\u0e48\u0e27\u0e21\u0e01\u0e31\u0e1a Ducati<\/p>\n","protected":false},"author":2,"featured_media":1020313318,"comment_status":"closed","ping_status":"closed","sticky":false,"template":"","format":"standard","meta":{"42wp_featured_image_caption":"Marc M\u00e1rquez ","42wp_featured_image_credits":"AFP","42wp_featured_video":"","42wp_featured_image_hidden":false,"42wp_authors_list":[],"footnotes":""},"categories":[15],"tags":[86,42],"42wp_author":[19],"class_list":["post-305","post","type-post","status-publish","format-standard","has-post-thumbnail","hentry","category-motogp","tag-marc-marquez","tag-motogp","42wp_author-kaio-esteves"],"_links":{"self":[{"href":"https:\/\/grandepremio.com\/th\/wp-json\/wp\/v2\/posts\/305","targetHints":{"allow":["GET"]}}],"collection":[{"href":"https:\/\/grandepremio.com\/th\/wp-json\/wp\/v2\/posts"}],"about":[{"href":"https:\/\/grandepremio.com\/th\/wp-json\/wp\/v2\/types\/post"}],"author":[{"embeddable":true,"href":"https:\/\/grandepremio.com\/th\/wp-json\/wp\/v2\/users\/2"}],"replies":[{"embeddable":true,"href":"https:\/\/grandepremio.com\/th\/wp-json\/wp\/v2\/comments?post=305"}],"version-history":[{"count":1,"href":"https:\/\/grandepremio.com\/th\/wp-json\/wp\/v2\/posts\/305\/revisions"}],"predecessor-version":[{"id":307,"href":"https:\/\/grandepremio.com\/th\/wp-json\/wp\/v2\/posts\/305\/revisions\/307"}],"wp:featuredmedia":[{"embeddable":true,"href":"https:\/\/grandepremio.com\/th\/wp-json\/wp\/v2\/media\/1020313318"}],"wp:attachment":[{"href":"https:\/\/grandepremio.com\/th\/wp-json\/wp\/v2\/media?parent=305"}],"wp:term":[{"taxonomy":"category","embeddable":true,"href":"https:\/\/grandepremio.com\/th\/wp-json\/wp\/v2\/categories?post=305"},{"taxonomy":"post_tag","embeddable":true,"href":"https:\/\/grandepremio.com\/th\/wp-json\/wp\/v2\/tags?post=305"},{"taxonomy":"42wp_author","embeddable":true,"href":"https:\/\/grandepremio.com\/th\/wp-json\/wp\/v2\/42wp_author?post=305"}],"curies":[{"name":"wp","href":"https:\/\/api.w.org\/{rel}","templated":true}]}}